{"id":2751,"date":"2012-12-05T08:11:56","date_gmt":"2012-12-05T10:11:56","guid":{"rendered":"http:\/\/www.toque-musicall.com\/?p=2751"},"modified":"2012-12-05T08:11:56","modified_gmt":"2012-12-05T10:11:56","slug":"jorge-veiga-o-eterno-jorge-veiga-1979","status":"publish","type":"post","link":"https:\/\/www.toque-musicall.com\/?p=2751","title":{"rendered":"Jorge Veiga &#8211; O Eterno Jorge Veiga (1979)"},"content":{"rendered":"<p><img loading=\"lazy\" decoding=\"async\" class=\"aligncenter\" src=\"http:\/\/3.bp.blogspot.com\/-qh2OdEtx5JM\/UL8RlxuRL0I\/AAAAAAAAFSk\/oVEa3oGkQ1E\/s400\/capap.JPG\" alt=\"\" width=\"400\" height=\"394\" \/><img loading=\"lazy\" decoding=\"async\" class=\"aligncenter\" src=\"http:\/\/4.bp.blogspot.com\/-qJD0tRWFrA4\/UL8RiJ4i8SI\/AAAAAAAAFSc\/qcHBB-DzRuw\/s400\/contrap.JPG\" alt=\"\" width=\"400\" height=\"390\" \/><\/p>\n<p>Ol\u00e1 amigos cultos e ocultos, bom dia! Para come\u00e7ar bem a nossa quarta feira, aqui vai um disc\u00e3o do cantor e compositor Jorge Veiga. Temos aqui este \u00e1lbum, lan\u00e7ado pela CBS em 1979, como uma esp\u00e9cie de homenagem no ano em que o artista veio a falecer, aos 69 anos de idade. Trata-se de uma colet\u00e2nea, reunindo alguns de seus maiores sucessos, como podemos ver logo a baixo. Essas grava\u00e7\u00f5es, ao que me parece, n\u00e3o s\u00e3o as originais de \u00e9poca. Parecem regrava\u00e7\u00f5es feitas por ele em um momento mais recente. Infelizmente, no \u00e1lbum n\u00e3o h\u00e1 essa informa\u00e7\u00e3o, mas pela qualidade das grava\u00e7\u00f5es e arranjos, tudo me leva a crer nisso. Outra coisa que chama a aten\u00e7\u00e3o \u00e9 esta bela capa com ilustra\u00e7\u00e3o de S\u00e9rgio Giannini. Bacana, n\u00e3o? Ta\u00ed um disco raro de seu ouvir por a\u00ed&#8230; \ud83d\ude09<\/p>\n<p align=\"center\">confiss\u00e3o de bo\u00eamio<\/p>\n<p align=\"center\">casa que tem cachorro<\/p>\n<p align=\"center\">faustina<\/p>\n<p align=\"center\">fizeram muamba<\/p>\n<p align=\"center\">recado que a maria levou<\/p>\n<p align=\"center\">o intruj\u00e3o<\/p>\n<p align=\"center\">sambista no c\u00e9u<\/p>\n<p align=\"center\">caf\u00e9 society<\/p>\n<p align=\"center\">cora\u00e7\u00e3o tamb\u00e9m esquece<\/p>\n<p align=\"center\">festival de bolachas<\/p>\n<p align=\"center\">almerinda<\/p>\n<p align=\"center\">boi com ab\u00f3bora<\/p>\n<p align=\"center\">\n","protected":false},"excerpt":{"rendered":"<p>Ol\u00e1 amigos cultos e ocultos, bom dia! Para come\u00e7ar bem a nossa quarta feira, aqui vai um disc\u00e3o do cantor e compositor Jorge Veiga. Temos aqui este \u00e1lbum, lan\u00e7ado pela CBS em 1979, como uma esp\u00e9cie de homenagem no ano &hellip; <a href=\"https:\/\/www.toque-musicall.com\/?p=2751\">Continue lendo <span class=\"meta-nav\">&rarr;<\/span><\/a><\/p>\n","protected":false},"author":1,"featured_media":0,"comment_status":"open","ping_status":"closed","sticky":false,"template":"","format":"standard","meta":{"footnotes":""},"categories":[1131,178],"tags":[],"class_list":["post-2751","post","type-post","status-publish","format-standard","hentry","category-jorge-veiga","category-selo-cbs"],"_links":{"self":[{"href":"https:\/\/www.toque-musicall.com\/index.php?rest_route=\/wp\/v2\/posts\/2751","targetHints":{"allow":["GET"]}}],"collection":[{"href":"https:\/\/www.toque-musicall.com\/index.php?rest_route=\/wp\/v2\/posts"}],"about":[{"href":"https:\/\/www.toque-musicall.com\/index.php?rest_route=\/wp\/v2\/types\/post"}],"author":[{"embeddable":true,"href":"https:\/\/www.toque-musicall.com\/index.php?rest_route=\/wp\/v2\/users\/1"}],"replies":[{"embeddable":true,"href":"https:\/\/www.toque-musicall.com\/index.php?rest_route=%2Fwp%2Fv2%2Fcomments&post=2751"}],"version-history":[{"count":1,"href":"https:\/\/www.toque-musicall.com\/index.php?rest_route=\/wp\/v2\/posts\/2751\/revisions"}],"predecessor-version":[{"id":2752,"href":"https:\/\/www.toque-musicall.com\/index.php?rest_route=\/wp\/v2\/posts\/2751\/revisions\/2752"}],"wp:attachment":[{"href":"https:\/\/www.toque-musicall.com\/index.php?rest_route=%2Fwp%2Fv2%2Fmedia&parent=2751"}],"wp:term":[{"taxonomy":"category","embeddable":true,"href":"https:\/\/www.toque-musicall.com\/index.php?rest_route=%2Fwp%2Fv2%2Fcategories&post=2751"},{"taxonomy":"post_tag","embeddable":true,"href":"https:\/\/www.toque-musicall.com\/index.php?rest_route=%2Fwp%2Fv2%2Ftags&post=2751"}],"curies":[{"name":"wp","href":"https:\/\/api.w.org\/{rel}","templated":true}]}}