{"id":276,"date":"2011-10-16T17:31:00","date_gmt":"2011-10-16T17:31:00","guid":{"rendered":"http:\/\/www.toque-musicall.com\/?p=276"},"modified":"2011-10-16T17:31:00","modified_gmt":"2011-10-16T17:31:00","slug":"zaccarias-e-sua-orquestra-o-samba-de-black-tie-1956","status":"publish","type":"post","link":"https:\/\/www.toque-musicall.com\/?p=276","title":{"rendered":"Zaccarias E Sua Orquestra &#8211; O Samba De Black Tie (1956)"},"content":{"rendered":"<p><a href=\"http:\/\/3.bp.blogspot.com\/-4N6j6GICPdQ\/TptMrguHTgI\/AAAAAAAAAdA\/CNwb6Pr6CWU\/s1600\/samba+P.JPG\"><img decoding=\"async\" style=\"display:block; margin:0px auto 10px; text-align:center;cursor:pointer; cursor:hand;width: 400px; height: 397px;\" src=\"http:\/\/3.bp.blogspot.com\/-4N6j6GICPdQ\/TptMrguHTgI\/AAAAAAAAAdA\/CNwb6Pr6CWU\/s400\/samba+P.JPG\" border=\"0\" alt=\"\" id=\"BLOGGER_PHOTO_ID_5664205266749967874\" \/><\/a>Boa noite, meus prezados amigos cultos e ocultos! O dia de hoje esteve bem pregui\u00e7oso, pelo menos  para mim. Sinceramente, se n\u00e3o fosse esse meu compromisso obsessivo com o blog, eu hoje nem ligava o computador.  <\/p>\n<div>Mas vamos l\u00e1&#8230; Hoje eu tenho aqui um diquinho de dez polegas que s\u00f3 pela capa j\u00e1 vale. \u00d3tima, voc\u00eas n\u00e3o acham? Felizmente, n\u00e3o fica s\u00f3 nisso. \u00c9 um disco de samba, por\u00e9m revestido numa linguagem orquestral, mais a gosto da granfinagem. Hehehe&#8230;<\/div>\n<div>Temos aqui o Maestro Zaccarias e Sua Orquestra, pela  RCA Victor, comandando a festa num desfile de sete cl\u00e1ssicos do samba e um choro, de Chiquinha Gonzaga.<\/div>\n<div>Desculpem, mas eu estou num sono bravo. As ideias se misturam&#8230; fico por aqui&#8230;<\/div>\n<div><\/div>\n<div style=\"text-align: center; \">agora \u00e9 cinza<\/div>\n<div style=\"text-align: center; \">feitio de ora\u00e7\u00e3o<\/div>\n<div style=\"text-align: center; \">canta brasil<\/div>\n<div style=\"text-align: center; \">\u00faltimo desejo<\/div>\n<div style=\"text-align: center; \">peladinho<\/div>\n<div style=\"text-align: center; \">favela<\/div>\n<div style=\"text-align: center; \">ga\u00facho<\/div>\n<div style=\"text-align: center; \">rancho fundo<\/div>\n<div style=\"text-align: center; \"><\/div>\n<div style=\"text-align: center; \"><\/div>\n","protected":false},"excerpt":{"rendered":"<p>Boa noite, meus prezados amigos cultos e ocultos! O dia de hoje esteve bem pregui\u00e7oso, pelo menos para mim. Sinceramente, se n\u00e3o fosse esse meu compromisso obsessivo com o blog, eu hoje nem ligava o computador. Mas vamos l\u00e1&#8230; Hoje &hellip; <a href=\"https:\/\/www.toque-musicall.com\/?p=276\">Continue lendo <span class=\"meta-nav\">&rarr;<\/span><\/a><\/p>\n","protected":false},"author":1,"featured_media":0,"comment_status":"open","ping_status":"closed","sticky":false,"template":"","format":"standard","meta":{"footnotes":""},"categories":[70,280],"tags":[],"class_list":["post-276","post","type-post","status-publish","format-standard","hentry","category-selo-rca-victor","category-zaccarias-e-sua-orquestra"],"_links":{"self":[{"href":"https:\/\/www.toque-musicall.com\/index.php?rest_route=\/wp\/v2\/posts\/276","targetHints":{"allow":["GET"]}}],"collection":[{"href":"https:\/\/www.toque-musicall.com\/index.php?rest_route=\/wp\/v2\/posts"}],"about":[{"href":"https:\/\/www.toque-musicall.com\/index.php?rest_route=\/wp\/v2\/types\/post"}],"author":[{"embeddable":true,"href":"https:\/\/www.toque-musicall.com\/index.php?rest_route=\/wp\/v2\/users\/1"}],"replies":[{"embeddable":true,"href":"https:\/\/www.toque-musicall.com\/index.php?rest_route=%2Fwp%2Fv2%2Fcomments&post=276"}],"version-history":[{"count":0,"href":"https:\/\/www.toque-musicall.com\/index.php?rest_route=\/wp\/v2\/posts\/276\/revisions"}],"wp:attachment":[{"href":"https:\/\/www.toque-musicall.com\/index.php?rest_route=%2Fwp%2Fv2%2Fmedia&parent=276"}],"wp:term":[{"taxonomy":"category","embeddable":true,"href":"https:\/\/www.toque-musicall.com\/index.php?rest_route=%2Fwp%2Fv2%2Fcategories&post=276"},{"taxonomy":"post_tag","embeddable":true,"href":"https:\/\/www.toque-musicall.com\/index.php?rest_route=%2Fwp%2Fv2%2Ftags&post=276"}],"curies":[{"name":"wp","href":"https:\/\/api.w.org\/{rel}","templated":true}]}}