{"id":2765,"date":"2012-12-09T22:56:08","date_gmt":"2012-12-10T00:56:08","guid":{"rendered":"http:\/\/www.toque-musicall.com\/?p=2765"},"modified":"2012-12-10T07:58:55","modified_gmt":"2012-12-10T09:58:55","slug":"renato-tito-clarinete-jovem-1973","status":"publish","type":"post","link":"https:\/\/www.toque-musicall.com\/?p=2765","title":{"rendered":"Renato Tito &#8211; Clarinete Jovem (1973)"},"content":{"rendered":"<p><img loading=\"lazy\" decoding=\"async\" class=\"aligncenter\" src=\"http:\/\/4.bp.blogspot.com\/-m7KOnaoGD08\/UMWxQEQuqWI\/AAAAAAAAFXM\/of4ou_V2TLo\/s400\/capaP.JPG\" alt=\"\" width=\"391\" height=\"400\" \/><img loading=\"lazy\" decoding=\"async\" class=\"aligncenter\" src=\"http:\/\/1.bp.blogspot.com\/-yzwkhfgLB-w\/UMWxLdf-2II\/AAAAAAAAFXE\/ervkLuB8Pq8\/s400\/contraP.JPG\" alt=\"\" width=\"396\" height=\"400\" \/><\/p>\n<p>Ol\u00e1, amigos cultos e ocultos! Mais uma vez o Toque Musical se torna alvo de den\u00fancias. Desta vez, como n\u00e3o conseguiram derrubar o blog, derrubaram a conta do Mediafire. Voc\u00eas devem ter percebido que os links nas \u00faltimas semanas foram todos deletados logo que entravam no GTM. Infelizmente, temos um \u2018fator complicante\u2019 (ou seria implicante?), um esp\u00edrito de porco, capaz de todo tipo de a\u00e7\u00e3o negativa, a qual tem se intensificado pelo simples fato de eu o estar ignorando. Mas agora, estou vendo que precisarei tomar outras provid\u00eancias. Se \u00e9 para sacanear, ent\u00e3o vamos l\u00e1&#8230; Santos, me aguarde, pois estamos chegando! Esse papo a gente ainda continua. No momento, vamos \u00e0 postagem do dia.<\/p>\n<p>Hoje eu trago para voc\u00eas um outro disco do compositor e clarinetista Renato Tito. Um \u00e1lbum bem procurado, solicitado por muitos aqui no Toque Musical. Gravado em 1973 pelo selo Tapecar, este lp procura trazer um Renato Tito mais \u2018moderninho\u2019, interpretando entre outros, temas da m\u00fasica pop nacional e internacional. O disco foi produzido pelo filho de Renato, o tamb\u00e9m compositor e instrumentista Paulo Tito. Paulo tamb\u00e9m participa do disco tocando guitarra. O disco, num todo, \u00e9 bem agrad\u00e1vel. Percebe-se, por\u00e9m, que Renato Tito se sente mais a vontade tocando suas pr\u00f3prias composi\u00e7\u00f5es ou m\u00fasicas como \u201cCarinhoso\u201d, de Pixinguinha e Braguinha ou \u201cCurare\u201d, de Boror\u00f3.<\/p>\n<p>A PARTIR DE HOJE, NOSSOS LINKS NO GTM TER\u00c3O UM PRAZO LIMITADO DE VALIDADE, SENDO TODOS ATRAV\u00c9S DO 4SHARED. A RENOVA\u00c7\u00c3O DOS MESMOS SER\u00c1 GRADUAL E SEM PRAZO DETERMINADO. QUEM ESTIVER INTERESSADO NAS POSTAGENS DO TOQUE MUSICAL VAI PRECISAR FICAR MAIS ATENTO, LIGADOS DIARIAMENTE NO QUE ACONTECE POR AQUI. A PRIORIDADE \u00c9 SEMPRE DA POSTAGEM DO DIA. SOLICITA\u00c7\u00d5ES PARA ANTIGAS POSTAGENS SEGUEM POR ORDEM DE CHEGADA, OK?<\/p>\n<p align=\"center\">music and me<\/p>\n<p align=\"center\">juramento falso<\/p>\n<p align=\"center\">minhas l\u00e1grimas<\/p>\n<p align=\"center\">carinhoso<\/p>\n<p align=\"center\">n\u00e3o sei porque<\/p>\n<p align=\"center\">vou nesse balan\u00e7o<\/p>\n<p align=\"center\">em cada verso, em cada samba<\/p>\n<p align=\"center\">curare<\/p>\n<p align=\"center\">bem<\/p>\n<p align=\"center\">evoca\u00e7\u00e3o a luiz americano<\/p>\n<p align=\"center\">meu retorno<\/p>\n<p align=\"center\">a dist\u00e2ncia<\/p>\n<p align=\"center\">\n","protected":false},"excerpt":{"rendered":"<p>Ol\u00e1, amigos cultos e ocultos! Mais uma vez o Toque Musical se torna alvo de den\u00fancias. Desta vez, como n\u00e3o conseguiram derrubar o blog, derrubaram a conta do Mediafire. Voc\u00eas devem ter percebido que os links nas \u00faltimas semanas foram &hellip; <a href=\"https:\/\/www.toque-musicall.com\/?p=2765\">Continue lendo <span class=\"meta-nav\">&rarr;<\/span><\/a><\/p>\n","protected":false},"author":1,"featured_media":0,"comment_status":"open","ping_status":"closed","sticky":false,"template":"","format":"standard","meta":{"footnotes":""},"categories":[2099,195],"tags":[],"class_list":["post-2765","post","type-post","status-publish","format-standard","hentry","category-renato-tito","category-selo-tapecar"],"_links":{"self":[{"href":"https:\/\/www.toque-musicall.com\/index.php?rest_route=\/wp\/v2\/posts\/2765","targetHints":{"allow":["GET"]}}],"collection":[{"href":"https:\/\/www.toque-musicall.com\/index.php?rest_route=\/wp\/v2\/posts"}],"about":[{"href":"https:\/\/www.toque-musicall.com\/index.php?rest_route=\/wp\/v2\/types\/post"}],"author":[{"embeddable":true,"href":"https:\/\/www.toque-musicall.com\/index.php?rest_route=\/wp\/v2\/users\/1"}],"replies":[{"embeddable":true,"href":"https:\/\/www.toque-musicall.com\/index.php?rest_route=%2Fwp%2Fv2%2Fcomments&post=2765"}],"version-history":[{"count":1,"href":"https:\/\/www.toque-musicall.com\/index.php?rest_route=\/wp\/v2\/posts\/2765\/revisions"}],"predecessor-version":[{"id":2766,"href":"https:\/\/www.toque-musicall.com\/index.php?rest_route=\/wp\/v2\/posts\/2765\/revisions\/2766"}],"wp:attachment":[{"href":"https:\/\/www.toque-musicall.com\/index.php?rest_route=%2Fwp%2Fv2%2Fmedia&parent=2765"}],"wp:term":[{"taxonomy":"category","embeddable":true,"href":"https:\/\/www.toque-musicall.com\/index.php?rest_route=%2Fwp%2Fv2%2Fcategories&post=2765"},{"taxonomy":"post_tag","embeddable":true,"href":"https:\/\/www.toque-musicall.com\/index.php?rest_route=%2Fwp%2Fv2%2Ftags&post=2765"}],"curies":[{"name":"wp","href":"https:\/\/api.w.org\/{rel}","templated":true}]}}