{"id":2769,"date":"2012-12-11T22:39:10","date_gmt":"2012-12-12T00:39:10","guid":{"rendered":"http:\/\/www.toque-musicall.com\/?p=2769"},"modified":"2012-12-12T06:49:24","modified_gmt":"2012-12-12T08:49:24","slug":"noel-rosa-1982","status":"publish","type":"post","link":"https:\/\/www.toque-musicall.com\/?p=2769","title":{"rendered":"Noel Rosa (1982)"},"content":{"rendered":"<p><img loading=\"lazy\" decoding=\"async\" class=\"aligncenter\" src=\"http:\/\/4.bp.blogspot.com\/-dTfj_vSDaOA\/UMfCoIhmTAI\/AAAAAAAAFaE\/G66Umuihw3A\/s400\/CapaP.JPG\" alt=\"\" width=\"391\" height=\"400\" \/><img loading=\"lazy\" decoding=\"async\" class=\"aligncenter\" src=\"http:\/\/2.bp.blogspot.com\/-kLU-HGgfUec\/UMfCjkLPm0I\/AAAAAAAAFZ8\/nQ9WOrzHYUM\/s400\/contracapaP.JPG\" alt=\"\" width=\"400\" height=\"398\" \/><\/p>\n<p>Boa noite amigos cultos e ocultos! Aos trancos e barrancos, aqui vamos n\u00f3s. Com alguns atrasos, algumas falhas&#8230; mas saibam que se dependesse s\u00f3 de mim, isso aqui estaria uma maravilha.<\/p>\n<p>Hoje eu estou trazendo um disco especial, em homenagem a uma figura tamb\u00e9m especial, o nosso inigual\u00e1vel Noel Rosa. Se estivesse vivo, estaria fazendo hoje 102. Mais novo que o Niemayer, heim!? Mas o Noel, como aquela vida bo\u00eamia que levava n\u00e3o ia mesmo muito longe. N\u00e3o foi, realmente. Mas teve tempo suficiente para se tornar eterno. O presente lp foi produzido pela FENAB (Federa\u00e7\u00e3o Nacional de Associa\u00e7\u00f5es Atl\u00e9ticas Banco do Brasil), um disco duplo e independente, de tiragem limitada, lan\u00e7ado no ano de 1982. O \u00e1lbum se divide em dois momentos, o primeiro no disco 1, iremos encontrar uma sele\u00e7\u00e3o de fonogramas antigos com alguns de seus primeiros sucessos interpretados por Araci de Almeida, Jo\u00e3o Petra de Barros, M\u00e1rio Reis, Francisco Alves, M\u00e1rio Reis, Mar\u00edlia Batista e tamb\u00e9m pelo pr\u00f3prio Noel. No disco 2 iremos encontrar, de um lado, outras m\u00fasicas de Noel em grava\u00e7\u00f5es mais recentes, a partir dos anos 60. Do outro lado, uma sele\u00e7\u00e3o de seis m\u00fasicas gravadas especialmente para este disco. Foram reunidos aqui artistas como Roberto Paiva, Zez\u00e9 Gonzaga e Roberto Silva, acompanhados pelo Conjunto \u00c9poca de Ouro. As m\u00fasicas contaram com arranjo e reg\u00eancia do maestro Orlando Silveira. Para completar o \u00e1lbum traz um livreto de dez p\u00e1ginas contando um pouco a trajet\u00f3ria de Nole Rosa. Muito legal \ud83d\ude42<\/p>\n<p align=\"center\">festa no c\u00e9u \u2013 noel rosa<\/p>\n<p align=\"center\">eu vou pra vila \u2013 almirante e o bando de tangar\u00e1s<\/p>\n<p align=\"center\">nuvem que passou \u2013 francisco alves<\/p>\n<p align=\"center\">prazer em conhece-lo \u2013 m\u00e1rio reis<\/p>\n<p align=\"center\">cem mil r\u00e9is \u2013 noel roda e mar\u00edlia batista<\/p>\n<p align=\"center\">jo\u00e3o nigu\u00e9m \u2013\u00a0 araci de Almeida<\/p>\n<p align=\"center\">feiti\u00e7o da vila \u2013 jo\u00e3o petra de barros<\/p>\n<p align=\"center\">capricho de rapaz solteiro \u2013 mario reis<\/p>\n<p align=\"center\">pra me livrar do mal \u2013 francisco Alves<\/p>\n<p align=\"center\">provei \u2013 noel e marilia batista<\/p>\n<p align=\"center\">conversa de botequim \u2013 noel rosa<\/p>\n<p align=\"center\">pela d\u00e9cima vez \u2013 araci de almeida<\/p>\n<p align=\"center\">depoimento de jo\u00e3o de barro sobre \u2018linda pequena\u2019 e \u2018pastorinhas\u2019<\/p>\n<p align=\"center\">linda pequena \u2013 jo\u00e3o petra de barros<\/p>\n<p align=\"center\">pra que mentir \u2013 paulinho da viola<\/p>\n<p align=\"center\">filosofia \u2013 mario reis<\/p>\n<p align=\"center\">pra esquecer \u2013 clara nunes<\/p>\n<p align=\"center\">n\u00e3o tem tradu\u00e7\u00e3o \u2013 jo\u00e3o nogueira<\/p>\n<p align=\"center\">mulato bamba \u2013 mario reis<\/p>\n<p align=\"center\">tarzam (o filho do alfaiate) \u2013 roberto paiva e conjunto \u00e9poca de ouro<\/p>\n<p align=\"center\">dama do cabar\u00e9 \u2013 roberto silva e conjunto \u00e9poca de ouro<\/p>\n<p align=\"center\">s\u00f3 pode ser voc\u00ea \u2013 zez\u00e9 gonzaga e conjunto \u00e9poca de ouro<\/p>\n<p align=\"center\">cor de cinza \u2013 zez\u00e9 gonzaga e conjunto \u00e9poca de ouro<\/p>\n<p align=\"center\">uma jura que fiz \u2013 roberto silva e conjunto \u00e9poca de ouro<\/p>\n<p align=\"center\">mais um samba popular \u2013 roberto paiva e conjunto \u00e9poca de ouro<\/p>\n<p align=\"center\">\u00faltimo desejo &#8211; roberto e conjunto \u00e9poca de ouro<\/p>\n<p>&nbsp;<\/p>\n<p>&nbsp;<\/p>\n","protected":false},"excerpt":{"rendered":"<p>Boa noite amigos cultos e ocultos! Aos trancos e barrancos, aqui vamos n\u00f3s. Com alguns atrasos, algumas falhas&#8230; mas saibam que se dependesse s\u00f3 de mim, isso aqui estaria uma maravilha. Hoje eu estou trazendo um disco especial, em homenagem &hellip; <a href=\"https:\/\/www.toque-musicall.com\/?p=2769\">Continue lendo <span class=\"meta-nav\">&rarr;<\/span><\/a><\/p>\n","protected":false},"author":1,"featured_media":0,"comment_status":"open","ping_status":"closed","sticky":false,"template":"","format":"standard","meta":{"footnotes":""},"categories":[678,25],"tags":[],"class_list":["post-2769","post","type-post","status-publish","format-standard","hentry","category-noel-rosa","category-selo-independente"],"_links":{"self":[{"href":"https:\/\/www.toque-musicall.com\/index.php?rest_route=\/wp\/v2\/posts\/2769","targetHints":{"allow":["GET"]}}],"collection":[{"href":"https:\/\/www.toque-musicall.com\/index.php?rest_route=\/wp\/v2\/posts"}],"about":[{"href":"https:\/\/www.toque-musicall.com\/index.php?rest_route=\/wp\/v2\/types\/post"}],"author":[{"embeddable":true,"href":"https:\/\/www.toque-musicall.com\/index.php?rest_route=\/wp\/v2\/users\/1"}],"replies":[{"embeddable":true,"href":"https:\/\/www.toque-musicall.com\/index.php?rest_route=%2Fwp%2Fv2%2Fcomments&post=2769"}],"version-history":[{"count":5,"href":"https:\/\/www.toque-musicall.com\/index.php?rest_route=\/wp\/v2\/posts\/2769\/revisions"}],"predecessor-version":[{"id":2771,"href":"https:\/\/www.toque-musicall.com\/index.php?rest_route=\/wp\/v2\/posts\/2769\/revisions\/2771"}],"wp:attachment":[{"href":"https:\/\/www.toque-musicall.com\/index.php?rest_route=%2Fwp%2Fv2%2Fmedia&parent=2769"}],"wp:term":[{"taxonomy":"category","embeddable":true,"href":"https:\/\/www.toque-musicall.com\/index.php?rest_route=%2Fwp%2Fv2%2Fcategories&post=2769"},{"taxonomy":"post_tag","embeddable":true,"href":"https:\/\/www.toque-musicall.com\/index.php?rest_route=%2Fwp%2Fv2%2Ftags&post=2769"}],"curies":[{"name":"wp","href":"https:\/\/api.w.org\/{rel}","templated":true}]}}