{"id":2779,"date":"2012-12-14T20:31:29","date_gmt":"2012-12-14T22:31:29","guid":{"rendered":"http:\/\/www.toque-musicall.com\/?p=2779"},"modified":"2012-12-14T20:31:29","modified_gmt":"2012-12-14T22:31:29","slug":"a-deusa-vencida-trilha-original-da-novela-1965","status":"publish","type":"post","link":"https:\/\/www.toque-musicall.com\/?p=2779","title":{"rendered":"A Deusa Vencida &#8211; Trilha Original Da Novela (1965)"},"content":{"rendered":"<p><img loading=\"lazy\" decoding=\"async\" class=\"aligncenter\" src=\"http:\/\/2.bp.blogspot.com\/-ydcKz72gmBc\/UMuiKh7iOPI\/AAAAAAAAFd0\/289bSFT_ZD4\/s400\/capaP.JPG\" alt=\"\" width=\"400\" height=\"398\" \/><img loading=\"lazy\" decoding=\"async\" class=\"aligncenter\" src=\"http:\/\/1.bp.blogspot.com\/-QZwkHBPNGQM\/UMuiEYp5r-I\/AAAAAAAAFds\/X7WMqdBwBU0\/s400\/contraP.JPG\" alt=\"\" width=\"398\" height=\"400\" \/><\/p>\n<p>Ol\u00e1s! Boa noite a todos! Chegamos a mais um fim de semana e eu s\u00f3 agora me lembrei que n\u00e3o postei nenhum compacto nos \u00faltimos dias. Assim sendo, aqui vai um no capricho, pronto para degustar \ud83d\ude09 Tenho aqui este compacto lan\u00e7ado pela Odeon , trazendo a trilha sonora da novela \u201cA Deusa Vecida\u201d,\u00a0 que foi exibida pela TV Excelsior em 1965. Escrita por Ivani Ribeiro, dirigida por Walter Avancini e tendo como protagonistas atores como Tarc\u00edsio Meira, Gloria Menezes, Edson Fran\u00e7a, Regina Duarte e muitos outros que ainda hoje atuam na telinha. Segundo contam, foi a primeira telenovela a ter uma trilha original. As m\u00fasicas s\u00e3o de autoria de Za\u00ea Junior e Theot\u00f4nio Pav\u00e3o (pai da Meire Pav\u00e3o). Quem as interpreta \u00e9 o cantor Hugo Santana, que tamb\u00e9m participa como ator na novela. Manda v\u00ea a\u00ed&#8230;<\/p>\n<p align=\"center\">balada para uma deusa menina<\/p>\n<p align=\"center\">pequena paisagem de amor<\/p>\n","protected":false},"excerpt":{"rendered":"<p>Ol\u00e1s! Boa noite a todos! Chegamos a mais um fim de semana e eu s\u00f3 agora me lembrei que n\u00e3o postei nenhum compacto nos \u00faltimos dias. Assim sendo, aqui vai um no capricho, pronto para degustar \ud83d\ude09 Tenho aqui este &hellip; <a href=\"https:\/\/www.toque-musicall.com\/?p=2779\">Continue lendo <span class=\"meta-nav\">&rarr;<\/span><\/a><\/p>\n","protected":false},"author":1,"featured_media":0,"comment_status":"open","ping_status":"closed","sticky":false,"template":"","format":"standard","meta":{"footnotes":""},"categories":[93,2101,86,346],"tags":[],"class_list":["post-2779","post","type-post","status-publish","format-standard","hentry","category-compactos","category-hugo-santana","category-selo-odeon","category-trilhas"],"_links":{"self":[{"href":"https:\/\/www.toque-musicall.com\/index.php?rest_route=\/wp\/v2\/posts\/2779","targetHints":{"allow":["GET"]}}],"collection":[{"href":"https:\/\/www.toque-musicall.com\/index.php?rest_route=\/wp\/v2\/posts"}],"about":[{"href":"https:\/\/www.toque-musicall.com\/index.php?rest_route=\/wp\/v2\/types\/post"}],"author":[{"embeddable":true,"href":"https:\/\/www.toque-musicall.com\/index.php?rest_route=\/wp\/v2\/users\/1"}],"replies":[{"embeddable":true,"href":"https:\/\/www.toque-musicall.com\/index.php?rest_route=%2Fwp%2Fv2%2Fcomments&post=2779"}],"version-history":[{"count":1,"href":"https:\/\/www.toque-musicall.com\/index.php?rest_route=\/wp\/v2\/posts\/2779\/revisions"}],"predecessor-version":[{"id":2780,"href":"https:\/\/www.toque-musicall.com\/index.php?rest_route=\/wp\/v2\/posts\/2779\/revisions\/2780"}],"wp:attachment":[{"href":"https:\/\/www.toque-musicall.com\/index.php?rest_route=%2Fwp%2Fv2%2Fmedia&parent=2779"}],"wp:term":[{"taxonomy":"category","embeddable":true,"href":"https:\/\/www.toque-musicall.com\/index.php?rest_route=%2Fwp%2Fv2%2Fcategories&post=2779"},{"taxonomy":"post_tag","embeddable":true,"href":"https:\/\/www.toque-musicall.com\/index.php?rest_route=%2Fwp%2Fv2%2Ftags&post=2779"}],"curies":[{"name":"wp","href":"https:\/\/api.w.org\/{rel}","templated":true}]}}