{"id":2789,"date":"2012-12-17T22:35:37","date_gmt":"2012-12-18T00:35:37","guid":{"rendered":"http:\/\/www.toque-musicall.com\/?p=2789"},"modified":"2012-12-19T00:11:49","modified_gmt":"2012-12-19T02:11:49","slug":"gerson-conrad-zeze-motta-1975","status":"publish","type":"post","link":"https:\/\/www.toque-musicall.com\/?p=2789","title":{"rendered":"Gerson Conrad &#038; Zez\u00e9 Motta (1975)"},"content":{"rendered":"<p><img loading=\"lazy\" decoding=\"async\" class=\"aligncenter\" src=\"http:\/\/1.bp.blogspot.com\/-SNQrN1jvdS4\/UNDvfoHHOxI\/AAAAAAAAFkQ\/jP6MgG-LcdM\/s400\/capap.JPG\" alt=\"\" width=\"398\" height=\"400\" \/><img loading=\"lazy\" decoding=\"async\" class=\"aligncenter\" src=\"http:\/\/1.bp.blogspot.com\/-Gd4W872SwZ0\/UNDvYhcO28I\/AAAAAAAAFkI\/bbJZyAbF9YY\/s400\/contrap.JPG\" alt=\"\" width=\"397\" height=\"400\" \/><\/p>\n<p>Boa noite a todos! Vai chegando essa \u00e9poca de fim de ano, natal, etc&#8230; meu tempo fica ainda mais curto. Mas vamos l\u00e1&#8230;<\/p>\n<p>Hoje temos um disco muito interessante. \u00c1lbum lan\u00e7ado em 1975 pela Som Livre, \u201cGerson Conrad &amp; Zez\u00e9 Motta\u201d. Todos devem se lembrar, Gerson fez parte dos Secos &amp; Molhados, ao lado de Ney Matogrosso e Jo\u00e3o Ricardo. Em 74, ap\u00f3s o fim do grupo, juntou-se com o letrista Paulo Mendon\u00e7a para compor uma s\u00e9rie de can\u00e7\u00f5es, das quais resultariam este lp, que tem ainda como pe\u00e7a principal a interpreta\u00e7\u00e3o da atriz cantora, Zez\u00e9 Motta. Bacana \ud83d\ude42<\/p>\n<p align=\"center\">a dan\u00e7a do besouro<\/p>\n<p align=\"center\">favor dos ventos<\/p>\n<p align=\"center\">sonho agitado<\/p>\n<p align=\"center\">trem noturno<\/p>\n<p align=\"center\">estranho sorriso<\/p>\n<p align=\"center\">bons tempos<\/p>\n<p align=\"center\">o legado da terra<\/p>\n<p align=\"center\">sempre em mim<\/p>\n<p align=\"center\">pop star<\/p>\n<p align=\"center\">um resto de sol<\/p>\n<p align=\"center\">l\u00edrios mortos<\/p>\n<p align=\"center\">a medida<\/p>\n<p align=\"center\">novo porto<\/p>\n<p align=\"center\">1974<\/p>\n<p align=\"center\">\n","protected":false},"excerpt":{"rendered":"<p>Boa noite a todos! Vai chegando essa \u00e9poca de fim de ano, natal, etc&#8230; meu tempo fica ainda mais curto. Mas vamos l\u00e1&#8230; Hoje temos um disco muito interessante. \u00c1lbum lan\u00e7ado em 1975 pela Som Livre, \u201cGerson Conrad &amp; Zez\u00e9 &hellip; <a href=\"https:\/\/www.toque-musicall.com\/?p=2789\">Continue lendo <span class=\"meta-nav\">&rarr;<\/span><\/a><\/p>\n","protected":false},"author":1,"featured_media":0,"comment_status":"open","ping_status":"closed","sticky":false,"template":"","format":"standard","meta":{"footnotes":""},"categories":[2105,66],"tags":[],"class_list":["post-2789","post","type-post","status-publish","format-standard","hentry","category-gerson-conrad","category-selo-som-livre"],"_links":{"self":[{"href":"https:\/\/www.toque-musicall.com\/index.php?rest_route=\/wp\/v2\/posts\/2789","targetHints":{"allow":["GET"]}}],"collection":[{"href":"https:\/\/www.toque-musicall.com\/index.php?rest_route=\/wp\/v2\/posts"}],"about":[{"href":"https:\/\/www.toque-musicall.com\/index.php?rest_route=\/wp\/v2\/types\/post"}],"author":[{"embeddable":true,"href":"https:\/\/www.toque-musicall.com\/index.php?rest_route=\/wp\/v2\/users\/1"}],"replies":[{"embeddable":true,"href":"https:\/\/www.toque-musicall.com\/index.php?rest_route=%2Fwp%2Fv2%2Fcomments&post=2789"}],"version-history":[{"count":2,"href":"https:\/\/www.toque-musicall.com\/index.php?rest_route=\/wp\/v2\/posts\/2789\/revisions"}],"predecessor-version":[{"id":2791,"href":"https:\/\/www.toque-musicall.com\/index.php?rest_route=\/wp\/v2\/posts\/2789\/revisions\/2791"}],"wp:attachment":[{"href":"https:\/\/www.toque-musicall.com\/index.php?rest_route=%2Fwp%2Fv2%2Fmedia&parent=2789"}],"wp:term":[{"taxonomy":"category","embeddable":true,"href":"https:\/\/www.toque-musicall.com\/index.php?rest_route=%2Fwp%2Fv2%2Fcategories&post=2789"},{"taxonomy":"post_tag","embeddable":true,"href":"https:\/\/www.toque-musicall.com\/index.php?rest_route=%2Fwp%2Fv2%2Ftags&post=2789"}],"curies":[{"name":"wp","href":"https:\/\/api.w.org\/{rel}","templated":true}]}}