{"id":2795,"date":"2012-12-20T23:06:28","date_gmt":"2012-12-21T01:06:28","guid":{"rendered":"http:\/\/www.toque-musicall.com\/?p=2795"},"modified":"2012-12-20T23:06:28","modified_gmt":"2012-12-21T01:06:28","slug":"gereba-bendengo-1973","status":"publish","type":"post","link":"https:\/\/www.toque-musicall.com\/?p=2795","title":{"rendered":"Gereba &#8211; Bendeng\u00f3 (1973)"},"content":{"rendered":"<p><img loading=\"lazy\" decoding=\"async\" class=\"aligncenter\" src=\"http:\/\/4.bp.blogspot.com\/-0davDR_Lz9M\/UNOgjyPjNPI\/AAAAAAAAFms\/8Qbw0J60hKc\/s400\/capap.JPG\" alt=\"\" width=\"400\" height=\"398\" \/><img loading=\"lazy\" decoding=\"async\" class=\"aligncenter\" src=\"http:\/\/1.bp.blogspot.com\/-3yAlSkLzRuI\/UNOgdU1PzXI\/AAAAAAAAFmk\/ccXEsY7CUTo\/s400\/contrap.JPG\" alt=\"\" width=\"400\" height=\"398\" \/><\/p>\n<p>Boa (\u00faltima) noite, amigos cultos e ocultos! Se tudo correr conforme as previs\u00f5es de um bando de malucos, amanh\u00e3 ser\u00e1 o fim do mundo. Por certo vai ser mesmo para um determinado grupo de pessoas que ir\u00e3o morrer amanh\u00e3. E o mais ir\u00f4nico disso tudo \u00e9 que os escolhidos podem ser qualquer um, inclusive eu ou algum de voc\u00eas. Como fa\u00e7o toda noite, deito a cabe\u00e7a no travesseiro e espero, sem pressa e sem preocupa\u00e7\u00e3o. Seja o que Deus quiser \ud83d\ude42<\/p>\n<p>Por n\u00e3o acreditar que o mundo acaba amanh\u00e3 foi que eu n\u00e3o me preocupei em escolher aquela que seria a postagem final e derradeira. Teria que ser algo muito especial. Infelizmente eu n\u00e3o estou tendo tempo nem para morrer de maneira orgulhosa. Mesmo assim, escolhi para o dia de hoje um disco da melhor qualidade, que na pior das hip\u00f3teses ir\u00e1 representar bem o fim do mundo, aqui no Toque Musical. Temos ent\u00e3o, o baiano Geraldo Barrero, mais conhecido como Gereba, em seu primeiro disco, gravado em 1973, pelo selo Fontana. Como podemos ver na capa, o \u00e1lbum se chama \u201cBendeng\u00f3\u201d, possivelmente uma alus\u00e3o ao meteorito encontrado na Bahia, pr\u00f3ximo da cidade de Monte Santo, onde nasceu Gereba. Com este disco ele dava in\u00edcio a forma\u00e7\u00e3o do grupo que viria a ser conhecido como Bendeg\u00f3. Em sua forma\u00e7\u00e3o inicial Gereba contava com Capenga, Zeca, Raimundinho e o mineiro baiano Djalma Corr\u00eaa. As m\u00fasicas deste disco s\u00e3o todas de Gereba e Patinhas. Muita gente confunde, achando que Gereba \u00e9 que \u00e9 o nome do disco, ou mesmo que este tenha sido o primeiro disco do grupo. \u00c9 interessante tamb\u00e9m observar que neste \u00e1lbum se fala \u2018Bendeng\u00f3\u2019, com o \u2018N\u2019 entre o E e o G. O Bendeg\u00f3 nasceu a\u00ed&#8230;<\/p>\n<p align=\"center\">chorada<\/p>\n<p align=\"center\">desaguou<\/p>\n<p align=\"center\">princesa sertaneja<\/p>\n<p align=\"center\">bendeng\u00f3<\/p>\n<p align=\"center\">abrolhos<\/p>\n<p align=\"center\">o gole<\/p>\n<p align=\"center\">algazarra de padre<\/p>\n<p align=\"center\">bala de ouro<\/p>\n<p align=\"center\">rio doloso<\/p>\n<p align=\"center\">bonde<\/p>\n<p align=\"center\">zesse feche zesse<\/p>\n<p align=\"center\">caratac\u00e1<\/p>\n<p align=\"center\">\n<p align=\"center\">\n","protected":false},"excerpt":{"rendered":"<p>Boa (\u00faltima) noite, amigos cultos e ocultos! Se tudo correr conforme as previs\u00f5es de um bando de malucos, amanh\u00e3 ser\u00e1 o fim do mundo. Por certo vai ser mesmo para um determinado grupo de pessoas que ir\u00e3o morrer amanh\u00e3. E &hellip; <a href=\"https:\/\/www.toque-musicall.com\/?p=2795\">Continue lendo <span class=\"meta-nav\">&rarr;<\/span><\/a><\/p>\n","protected":false},"author":1,"featured_media":0,"comment_status":"open","ping_status":"closed","sticky":false,"template":"","format":"standard","meta":{"footnotes":""},"categories":[2108,382],"tags":[],"class_list":["post-2795","post","type-post","status-publish","format-standard","hentry","category-bendengo","category-selo-fontana"],"_links":{"self":[{"href":"https:\/\/www.toque-musicall.com\/index.php?rest_route=\/wp\/v2\/posts\/2795","targetHints":{"allow":["GET"]}}],"collection":[{"href":"https:\/\/www.toque-musicall.com\/index.php?rest_route=\/wp\/v2\/posts"}],"about":[{"href":"https:\/\/www.toque-musicall.com\/index.php?rest_route=\/wp\/v2\/types\/post"}],"author":[{"embeddable":true,"href":"https:\/\/www.toque-musicall.com\/index.php?rest_route=\/wp\/v2\/users\/1"}],"replies":[{"embeddable":true,"href":"https:\/\/www.toque-musicall.com\/index.php?rest_route=%2Fwp%2Fv2%2Fcomments&post=2795"}],"version-history":[{"count":1,"href":"https:\/\/www.toque-musicall.com\/index.php?rest_route=\/wp\/v2\/posts\/2795\/revisions"}],"predecessor-version":[{"id":2796,"href":"https:\/\/www.toque-musicall.com\/index.php?rest_route=\/wp\/v2\/posts\/2795\/revisions\/2796"}],"wp:attachment":[{"href":"https:\/\/www.toque-musicall.com\/index.php?rest_route=%2Fwp%2Fv2%2Fmedia&parent=2795"}],"wp:term":[{"taxonomy":"category","embeddable":true,"href":"https:\/\/www.toque-musicall.com\/index.php?rest_route=%2Fwp%2Fv2%2Fcategories&post=2795"},{"taxonomy":"post_tag","embeddable":true,"href":"https:\/\/www.toque-musicall.com\/index.php?rest_route=%2Fwp%2Fv2%2Ftags&post=2795"}],"curies":[{"name":"wp","href":"https:\/\/api.w.org\/{rel}","templated":true}]}}