{"id":280,"date":"2011-10-12T19:25:00","date_gmt":"2011-10-12T19:25:00","guid":{"rendered":"http:\/\/www.toque-musicall.com\/?p=280"},"modified":"2011-10-12T19:25:00","modified_gmt":"2011-10-12T19:25:00","slug":"historias-de-bichos-e-de-gente-1967","status":"publish","type":"post","link":"https:\/\/www.toque-musicall.com\/?p=280","title":{"rendered":"Hist\u00f3rias De Bichos E De Gente (1967?)"},"content":{"rendered":"<p><a href=\"http:\/\/1.bp.blogspot.com\/-q-Jlwa2Vz78\/TpXqbNYdd6I\/AAAAAAAAAcE\/qM9oJDVM_2I\/s1600\/folder.jpg\"><img decoding=\"async\" style=\"display:block; margin:0px auto 10px; text-align:center;cursor:pointer; cursor:hand;width: 400px; height: 397px;\" src=\"http:\/\/1.bp.blogspot.com\/-q-Jlwa2Vz78\/TpXqbNYdd6I\/AAAAAAAAAcE\/qM9oJDVM_2I\/s400\/folder.jpg\" border=\"0\" alt=\"\" id=\"BLOGGER_PHOTO_ID_5662689859657889698\" \/><\/a>Ol\u00e1 crian\u00e7ada culta e oculta! Hoje eu estou aqui tentando por a casa em ordem, refazendo alguns velhos toques e criando outros. Hoje, al\u00e9m de ser o Dia de Nossa Senhora Aparecida, padroeira do Brasil, \u00e9 tamb\u00e9m o Dia das Crian\u00e7as. Embora pouqu\u00edssimas vezes eu tenha recebido aqui a visita dos pequenos, n\u00e3o vou deixar de pensar neles, em mim mesmo a algumas d\u00e9cadas atr\u00e1s. Sinceramente, fui, talvez, em busca da minha inf\u00e2ncia, das boas lembran\u00e7as e de um tempo que eu n\u00e3o desisto de perseguir. Sim, sou saudosista, at\u00e9 demais. Por\u00e9m, procuro sempre n\u00e3o deixar que a saudade se torne o meu presente. Viver \u00e9 mesmo o agora!<\/p>\n<div>Foi pensando na minha inf\u00e2ncia que eu me lembrei de uma cole\u00e7\u00e3o infantil, lan\u00e7ada pelo selo Paladium, naqueles inocentes anos 60 (pelo menos para mim). Me lembrei da casa de minha tia, da radiola e dos diversos discos guardados no compartimento para os \u00e1lbuns. Havia l\u00e1 tamb\u00e9m uma caixa com cinco ou seis lps (n\u00e3o me lembro mais) trazendo uma s\u00e9rie de hist\u00f3rinhas que faziam a festa para eu, minha prima e nossos amiguinhos. Ainda hoje me recordo bem de algumas passagens. Ali\u00e1s, hoje eu passei o dia recordando tudo isso. <\/div>\n<div>H\u00e1 pouco tempo atr\u00e1s, caiu nas minhas m\u00e3os novamente essa tal cole\u00e7\u00e3o. Como os discos estavam demasiadamente &#8216;sambados&#8217;, acabei deixando-os de lado, esperando um momento de coragem para tentar restaur\u00e1-los. Infelizmente, os discos estavam sem capa, o que me tirou ainda mais o \u00e2nimo de ressuscit\u00e1-los. Mas como hoje foi um dia especial e mais folgado para mim, decidi botar a m\u00e3o na massa, ou melhor, nos discos. Percebi que al\u00e9m da capa, faltava tamb\u00e9m outro (s) disco (s). Mesmo assim, achei por bem recuperar o que tinha e trazer como a postagem do dia. Apesar das limita\u00e7\u00f5es, principalmente no \u00e1udio, senti que o momento era esse. Refiz tudo o que pude e ainda dei o toque musical&#8230;<\/div>\n<div>Temos ent\u00e3o a cole\u00e7\u00e3o infantil criada pelo jornalista e desenhista Andr\u00e9 de Carvalho, chamada &#8220;Hist\u00f3rias de bichos e de gente&#8221;. Trata-se de uma s\u00e9rie de historinhas infantis, algumas at\u00e9 bem conhecidas, adaptadas por Andr\u00e9. Ele convidou o maestro e arranjador A\u00e9cio Fl\u00e1vio, at\u00e9 ent\u00e3o um jovem m\u00fasico ainda inexperiente, para musicar algumas letras que entrariam na s\u00e9rie de contos infantis. Segundo relata o pr\u00f3prio m\u00fasico, ele foi pego de surpresa e nunca, at\u00e9 ent\u00e3o, havia passado pela experi\u00eancia de compor m\u00fasicas a partir de letras prontas, ainda mais infantil. Assumiu o trato com o jornalista e s\u00f3 veio mesmo a fazer as tais m\u00fasicas poucos dias antes de entrarem no est\u00fadio. O trabalho ficou muito bom e nem parece coisa feita \u00e0s pressas. E olha que n\u00e3o foi uma tarefa pequena, afinal a s\u00e9rie era de lps e n\u00e3o compactos, como geralmente conhecemos os discos infantis. No site &#8220;Recanto da Letras&#8221; temos o relato deste epis\u00f3dio, descrito por A\u00e9cio Fl\u00e1vio, que vale a pena conferir. Outra curiosidade \u00e9 sabermos que foi nessas grava\u00e7\u00f5es a estr\u00e9ia do grande Toninho Horta. Foi, de uma certa forma,  o mestre A\u00e9cio quem levou o jovem para o mundo da m\u00fasica profissional. Toninho n\u00e3o devia ter ainda nem 18 anos. Foi com o mestre pirata que tudo come\u00e7ou. Obviamente n\u00e3o vai ser aqui que iremos reconhecer o talento do A\u00e9cio e tamb\u00e9m do Toninho, mas vale saber que eles fizeram parte dessas hist\u00f3rinhas \ud83d\ude42<\/div>\n<div>Temos aqui, na minha produ\u00e7\u00e3o, apenas quatro discos dessa s\u00e9rie. A qualidade do som deixa muito a desejar, principalmente pelo estado lastim\u00e1vel dos vinis. Tenho a esperan\u00e7a de ainda conseguir um \u00e1udio em melhor estado, quem sabe at\u00e9 outros novos lps (e na caixa, porque n\u00e3o? hehehe&#8230;).<\/div>\n<div>Ah! J\u00e1 ia me esquecendo&#8230; No pacote eu inclu\u00ed, j\u00e1 separadas (e mais tratadas), as m\u00fasicas de todas as hist\u00f3rinhas. Vale um outro disco. Ali\u00e1s, ao todo s\u00e3o quatro. Present\u00e3o, heim?!<\/div>\n<div>Salve a Crian\u00e7a que ainda vive em todos n\u00f3s!<\/div>\n<div><\/div>\n<div style=\"text-align: center;\">cocori, o galo que diminuiu<\/div>\n<div style=\"text-align: center;\">o cuco fuj\u00e3o<\/div>\n<div style=\"text-align: center;\">hist\u00f3ria do passarinho que era uma j\u00f3ia<\/div>\n<div style=\"text-align: center;\">a galinha dos ovos de ouro<\/div>\n<div style=\"text-align: center;\">o burrinho quixad\u00e1<\/div>\n<div style=\"text-align: center;\">o grilhinho desprezado<\/div>\n<div style=\"text-align: center;\">o passo do elefantinho<\/div>\n<div style=\"text-align: center;\">a borboleta e a bruxa<\/div>\n<div style=\"text-align: center;\">o pedido do per\u00fa<\/div>\n<div style=\"text-align: center;\"><\/div>\n<div style=\"text-align: center;\">A\u00e9cio Fl\u00e1vio &#8211; M\u00fasicas<\/div>\n<div style=\"text-align: center;\">cocori, o galo que diminuiu<\/div>\n<div style=\"text-align: center;\">o cuco fuj\u00e3o<\/div>\n<div style=\"text-align: center;\">o cuco fuj\u00e3o II<\/div>\n<div style=\"text-align: center;\">tema de yasmimim<\/div>\n<div style=\"text-align: center;\">tema da galinha dos ovos de ouro<\/div>\n<div style=\"text-align: center;\">o elefantinho<\/div>\n<div style=\"text-align: center;\">tema do elefantinho<\/div>\n<div style=\"text-align: center;\">a borboleta e a bruxa<\/div>\n<div style=\"text-align: center;\">o per\u00fa alexandre<\/div>\n<div style=\"text-align: center;\">pavanito<\/div>\n<div><\/div>\n<div><\/div>\n<div>PS. n\u00e3o resisti&#8230; os nomes para os temas musicais s\u00e3o apenas sugest\u00e3o, uma maneira de identifica\u00e7\u00e3o, claro \ud83d\ude42<\/div>\n","protected":false},"excerpt":{"rendered":"<p>Ol\u00e1 crian\u00e7ada culta e oculta! Hoje eu estou aqui tentando por a casa em ordem, refazendo alguns velhos toques e criando outros. Hoje, al\u00e9m de ser o Dia de Nossa Senhora Aparecida, padroeira do Brasil, \u00e9 tamb\u00e9m o Dia das &hellip; <a href=\"https:\/\/www.toque-musicall.com\/?p=280\">Continue lendo <span class=\"meta-nav\">&rarr;<\/span><\/a><\/p>\n","protected":false},"author":1,"featured_media":0,"comment_status":"open","ping_status":"closed","sticky":false,"template":"","format":"standard","meta":{"footnotes":""},"categories":[203,495,344,471],"tags":[],"class_list":["post-280","post","type-post","status-publish","format-standard","hentry","category-aecio-flavio","category-historias-de-bichos-e-de-gente","category-selo-paladium","category-toninho-horta"],"_links":{"self":[{"href":"https:\/\/www.toque-musicall.com\/index.php?rest_route=\/wp\/v2\/posts\/280","targetHints":{"allow":["GET"]}}],"collection":[{"href":"https:\/\/www.toque-musicall.com\/index.php?rest_route=\/wp\/v2\/posts"}],"about":[{"href":"https:\/\/www.toque-musicall.com\/index.php?rest_route=\/wp\/v2\/types\/post"}],"author":[{"embeddable":true,"href":"https:\/\/www.toque-musicall.com\/index.php?rest_route=\/wp\/v2\/users\/1"}],"replies":[{"embeddable":true,"href":"https:\/\/www.toque-musicall.com\/index.php?rest_route=%2Fwp%2Fv2%2Fcomments&post=280"}],"version-history":[{"count":0,"href":"https:\/\/www.toque-musicall.com\/index.php?rest_route=\/wp\/v2\/posts\/280\/revisions"}],"wp:attachment":[{"href":"https:\/\/www.toque-musicall.com\/index.php?rest_route=%2Fwp%2Fv2%2Fmedia&parent=280"}],"wp:term":[{"taxonomy":"category","embeddable":true,"href":"https:\/\/www.toque-musicall.com\/index.php?rest_route=%2Fwp%2Fv2%2Fcategories&post=280"},{"taxonomy":"post_tag","embeddable":true,"href":"https:\/\/www.toque-musicall.com\/index.php?rest_route=%2Fwp%2Fv2%2Ftags&post=280"}],"curies":[{"name":"wp","href":"https:\/\/api.w.org\/{rel}","templated":true}]}}