{"id":2804,"date":"2012-12-22T23:22:11","date_gmt":"2012-12-23T01:22:11","guid":{"rendered":"http:\/\/www.toque-musicall.com\/?p=2804"},"modified":"2013-02-18T18:03:22","modified_gmt":"2013-02-18T21:03:22","slug":"radio-nacional-boas-festas-2012","status":"publish","type":"post","link":"https:\/\/www.toque-musicall.com\/?p=2804","title":{"rendered":"R\u00e1dio Nacional &#8211; Boas Festas (2012)"},"content":{"rendered":"<p><img loading=\"lazy\" decoding=\"async\" class=\"aligncenter\" src=\"http:\/\/4.bp.blogspot.com\/-0TFiNFLC7V4\/UNZioPzEcjI\/AAAAAAAAFqM\/nXyFjwwjjfo\/s400\/capa+P.jpg\" alt=\"\" width=\"400\" height=\"400\" \/>Boa noite a todos! Como estamos encima do Natal, eu vou logo buscando algo condizente com a data. Mas como voc\u00eas sabem, estou meio sem tempo para procurar e preparar alguma coisa que me tome mais de cinco minutos. Assim, recorro ao que est\u00e1 mais f\u00e1cil.<\/p>\n<p>Encontrei este arquivo, que me foi enviado por um de nossos amigos h\u00e1 algum tempo atr\u00e1s. Trata-se de um compacto de jingles da R\u00e1dio Nacional, utilizado em suas sauda\u00e7\u00f5es de fim de ano. N\u00e3o sei precisar a data, mas creio que seja da d\u00e9cada de 60. Uma curiosidade para n\u00e3o deixarmos o dia de hoje passar em branco. Vamos fazer isso na passagem do ano \ud83d\ude42<\/p>\n<p align=\"center\">hino da r\u00e1dio nacional<\/p>\n<p align=\"center\">jingle bells<\/p>\n<p align=\"center\">noite feliz<\/p>\n<p align=\"center\">natal alegre<\/p>\n<p align=\"center\">natal religioso<\/p>\n<p align=\"center\">ano novo luar do sert\u00e3o<\/p>\n<p align=\"center\">\n","protected":false},"excerpt":{"rendered":"<p>Boa noite a todos! Como estamos encima do Natal, eu vou logo buscando algo condizente com a data. Mas como voc\u00eas sabem, estou meio sem tempo para procurar e preparar alguma coisa que me tome mais de cinco minutos. Assim, &hellip; <a href=\"https:\/\/www.toque-musicall.com\/?p=2804\">Continue lendo <span class=\"meta-nav\">&rarr;<\/span><\/a><\/p>\n","protected":false},"author":1,"featured_media":0,"comment_status":"open","ping_status":"closed","sticky":false,"template":"","format":"standard","meta":{"footnotes":""},"categories":[2109],"tags":[],"class_list":["post-2804","post","type-post","status-publish","format-standard","hentry","category-radio-nacional-boas-festas"],"_links":{"self":[{"href":"https:\/\/www.toque-musicall.com\/index.php?rest_route=\/wp\/v2\/posts\/2804","targetHints":{"allow":["GET"]}}],"collection":[{"href":"https:\/\/www.toque-musicall.com\/index.php?rest_route=\/wp\/v2\/posts"}],"about":[{"href":"https:\/\/www.toque-musicall.com\/index.php?rest_route=\/wp\/v2\/types\/post"}],"author":[{"embeddable":true,"href":"https:\/\/www.toque-musicall.com\/index.php?rest_route=\/wp\/v2\/users\/1"}],"replies":[{"embeddable":true,"href":"https:\/\/www.toque-musicall.com\/index.php?rest_route=%2Fwp%2Fv2%2Fcomments&post=2804"}],"version-history":[{"count":6,"href":"https:\/\/www.toque-musicall.com\/index.php?rest_route=\/wp\/v2\/posts\/2804\/revisions"}],"predecessor-version":[{"id":2885,"href":"https:\/\/www.toque-musicall.com\/index.php?rest_route=\/wp\/v2\/posts\/2804\/revisions\/2885"}],"wp:attachment":[{"href":"https:\/\/www.toque-musicall.com\/index.php?rest_route=%2Fwp%2Fv2%2Fmedia&parent=2804"}],"wp:term":[{"taxonomy":"category","embeddable":true,"href":"https:\/\/www.toque-musicall.com\/index.php?rest_route=%2Fwp%2Fv2%2Fcategories&post=2804"},{"taxonomy":"post_tag","embeddable":true,"href":"https:\/\/www.toque-musicall.com\/index.php?rest_route=%2Fwp%2Fv2%2Ftags&post=2804"}],"curies":[{"name":"wp","href":"https:\/\/api.w.org\/{rel}","templated":true}]}}