{"id":281,"date":"2011-10-11T10:52:00","date_gmt":"2011-10-11T10:52:00","guid":{"rendered":"http:\/\/www.toque-musicall.com\/?p=281"},"modified":"2011-10-11T10:52:00","modified_gmt":"2011-10-11T10:52:00","slug":"conjunto-metal-brasil-havens-1989","status":"publish","type":"post","link":"https:\/\/www.toque-musicall.com\/?p=281","title":{"rendered":"Conjunto Metal Brasil &#8211; Havens (1989)"},"content":{"rendered":"<p><a href=\"http:\/\/4.bp.blogspot.com\/-KAkTQk4aKKs\/TpQgI9UqfjI\/AAAAAAAAAbs\/OM1Yq2pbDK0\/s1600\/havens+P.JPG\"><img decoding=\"async\" style=\"display:block; margin:0px auto 10px; text-align:center;cursor:pointer; cursor:hand;width: 400px; height: 400px;\" src=\"http:\/\/4.bp.blogspot.com\/-KAkTQk4aKKs\/TpQgI9UqfjI\/AAAAAAAAAbs\/OM1Yq2pbDK0\/s400\/havens+P.JPG\" border=\"0\" alt=\"\" id=\"BLOGGER_PHOTO_ID_5662185969783832114\" \/><\/a>Bom noite, amigos cultos e ocultos! Eu sei que a cada vez eu falo uma coisa diferente. Havia dito que nesta semana eu me dedicaria \u00e0s postagens de discos bem velhos (raros), mas de um dia para o outro muita coisa acontece, imprevistos e outros rel\u00e2mpagos inesperados. Isso para n\u00e3o falar na minha bipolaridade musical (ali\u00e1s, polipolaridade!). Me convenci, desde ontem, a fazer desta semana algo diferente e para alguns at\u00e9 radical. Postar alguns trabalhos musicais curiosos, herm\u00e9ticos e experimentais. Para n\u00e3o chocar os tradicionais de imediato, comecei pegando de leve, postando ontem um Egberto Gismonti. Hoje, ainda azeitando os ouvidos, vou trazendo a m\u00fasica do compositor Daniel Richard Havens, um nome que, por certo, a grande maioria deve desconhecer. Principalmente porque estamos falando aqui de m\u00fasica erudita e essa nem sempre est\u00e1 no card\u00e1pio do dia de n\u00f3s, brasileiros. <\/p>\n<div>Como amanh\u00e3 \u00e9 feriado e Dia das Crian\u00e7as, dei um passo atr\u00e1s, pensando se na semana ainda caberia alguma homenagem&#8230; tenho at\u00e9 alguns discos, j\u00e1 no ponto para a meninada. Mas como este blog reflete meu estado de esp\u00edrito e (porque n\u00e3o dizer) mais ainda o psicol\u00f3gico, o maluco aqui vai desbundar, misturar Pires de Oliveira com pratinho de azeitona, hehehe&#8230;<\/p>\n<div>Mas deixa eu voltar ao foco principal. Continuando&#8230;<\/div>\n<div>Havens \u00e9 um compositor, regente e instrumentista americano que desde o in\u00edcio dos anos 70 passou a fazer parte da Orquestra Filarm\u00f4nica de S\u00e3o Paulo como seu o primeiro trompa, a convite do ent\u00e3o maestro John Neschling. Logo em seguida se transferiu para a Orquestra Sinf\u00f4nica do Teatro Municipal de S\u00e3o Paulo. Formou tamb\u00e9m na d\u00e9cada de 70 o conjunto DeCamara, com o qual realizou diversos concertos no Teatro Municipal de S\u00e3o Paulo. Nos anos 80 funda com outros m\u00fasicos instrumentistas o conjunto Metal Brasil, sendo respons\u00e1vel pela reg\u00eancia, arranjos e composi\u00e7\u00f5es. Passa a se dedicar apenas \u00e0 composi\u00e7\u00e3o, deixando de lado a sua carreira de trompista. O conjunto Metal Brasil, que foi o pioneiro do g\u00eanero no pa\u00eds, com uma forma\u00e7\u00e3o exclusiva de metais e percuss\u00e3o era o \u00fanico grupo profissional existente na \u00e9poca. Na verdade, eu nem sei se depois dele sugiram outros. O certo \u00e9 que o conjunto era formado por 4 trompetes, 4 trompas, 4 trombones, uma tuba e dois percussionistas. Neste disco, ao que tudo indica, o \u00fanico gravado por eles, foi lan\u00e7ado em 1989, de forma independente e sob o ausp\u00edcio do empres\u00e1rio Albino Bacchi Jr. O trabalho \u00e9 todo voltado para as composi\u00e7\u00f5es de Havens. Destacam-se nele como int\u00e9rpretes principais a pianista Ter\u00e3o Chebl e o trompista M\u00e1rio S\u00e9rgio Rocha. Vamos conferir?<\/div>\n<\/div>\n<div><\/div>\n<div style=\"text-align: center;\">1\u00ba movimento &#8211; north<\/div>\n<div style=\"text-align: center;\">2\u00ba movimento &#8211; south<\/div>\n<div style=\"text-align: center;\">3\u00ba movimento &#8211; east<\/div>\n<div style=\"text-align: center;\">4\u00ba movimento &#8211; west<\/div>\n<div style=\"text-align: center;\">fanfarra<\/div>\n<div style=\"text-align: center;\">cen\u00e1rios I<\/div>\n<div style=\"text-align: center;\">cen\u00e1rios II<\/div>\n<div style=\"text-align: center;\"><\/div>\n<div style=\"text-align: center;\"><\/div>\n","protected":false},"excerpt":{"rendered":"<p>Bom noite, amigos cultos e ocultos! Eu sei que a cada vez eu falo uma coisa diferente. Havia dito que nesta semana eu me dedicaria \u00e0s postagens de discos bem velhos (raros), mas de um dia para o outro muita &hellip; <a href=\"https:\/\/www.toque-musicall.com\/?p=281\">Continue lendo <span class=\"meta-nav\">&rarr;<\/span><\/a><\/p>\n","protected":false},"author":1,"featured_media":0,"comment_status":"open","ping_status":"closed","sticky":false,"template":"","format":"standard","meta":{"footnotes":""},"categories":[496,25],"tags":[],"class_list":["post-281","post","type-post","status-publish","format-standard","hentry","category-conjunto-metal-brasil","category-selo-independente"],"_links":{"self":[{"href":"https:\/\/www.toque-musicall.com\/index.php?rest_route=\/wp\/v2\/posts\/281","targetHints":{"allow":["GET"]}}],"collection":[{"href":"https:\/\/www.toque-musicall.com\/index.php?rest_route=\/wp\/v2\/posts"}],"about":[{"href":"https:\/\/www.toque-musicall.com\/index.php?rest_route=\/wp\/v2\/types\/post"}],"author":[{"embeddable":true,"href":"https:\/\/www.toque-musicall.com\/index.php?rest_route=\/wp\/v2\/users\/1"}],"replies":[{"embeddable":true,"href":"https:\/\/www.toque-musicall.com\/index.php?rest_route=%2Fwp%2Fv2%2Fcomments&post=281"}],"version-history":[{"count":0,"href":"https:\/\/www.toque-musicall.com\/index.php?rest_route=\/wp\/v2\/posts\/281\/revisions"}],"wp:attachment":[{"href":"https:\/\/www.toque-musicall.com\/index.php?rest_route=%2Fwp%2Fv2%2Fmedia&parent=281"}],"wp:term":[{"taxonomy":"category","embeddable":true,"href":"https:\/\/www.toque-musicall.com\/index.php?rest_route=%2Fwp%2Fv2%2Fcategories&post=281"},{"taxonomy":"post_tag","embeddable":true,"href":"https:\/\/www.toque-musicall.com\/index.php?rest_route=%2Fwp%2Fv2%2Ftags&post=281"}],"curies":[{"name":"wp","href":"https:\/\/api.w.org\/{rel}","templated":true}]}}