{"id":2823,"date":"2012-12-29T22:47:23","date_gmt":"2012-12-30T00:47:23","guid":{"rendered":"http:\/\/www.toque-musicall.com\/?p=2823"},"modified":"2012-12-30T01:50:12","modified_gmt":"2012-12-30T03:50:12","slug":"pericles-cavalcanti-sobre-as-ondas-1995","status":"publish","type":"post","link":"https:\/\/www.toque-musicall.com\/?p=2823","title":{"rendered":"P\u00e9ricles Cavalcanti &#8211; Sobre As Ondas (1995)"},"content":{"rendered":"<p><img loading=\"lazy\" decoding=\"async\" class=\"aligncenter\" src=\"http:\/\/1.bp.blogspot.com\/-I9q5TQsu0o4\/UN-44qh59EI\/AAAAAAAAFx4\/Vo-SlqQd1j4\/s400\/capaP.JPG\" alt=\"\" width=\"400\" height=\"396\" \/><img loading=\"lazy\" decoding=\"async\" class=\"aligncenter\" src=\"http:\/\/2.bp.blogspot.com\/-1t6kCHSuG4w\/UN-4zimXJ-I\/AAAAAAAAFxw\/3rFFkHEvr8s\/s400\/contraP.JPG\" alt=\"\" width=\"400\" height=\"342\" \/><\/p>\n<p>Antes que este ano acabe, que o blog acabe&#8230; Eu n\u00e3o poderia deixar de postar aqui um dos meus discos preferidos de todos os tempos, \u201cSobre as ondas\u201d, do genial P\u00e9ricles Cavalcanti. Este \u00e1lbum eu venho h\u00e1 tempos ensaiando em post\u00e1-lo, mas s\u00f3 n\u00e3o o fiz antes porque n\u00e3o encontrava o bendito lp. O tempo passou e eu acabei esquecendo. Hoje, procurando o disco do dia, me lembrei. Lembrei que tenho apenas a vers\u00e3o em cd. Quer saber? Vai ser essa mesmo! Ta\u00ed um disco que a gente precisa ouvir sempre, seja em cd, vinil ou mp3.<\/p>\n<p>\u201cSobre as ondas\u201d foi o segundo ou terceiro trabalho gravado por P\u00e9ricles. Como em \u201c<a href=\"https:\/\/www.toque-musicall.com\/?p=885&amp;trashed=1&amp;ids=5542\">Can\u00e7\u00f5es<\/a>\u201d, seu primeiro \u00e1lbum, <a href=\"https:\/\/www.toque-musicall.com\/?p=885&amp;trashed=1&amp;ids=5542\">postando tamb\u00e9m aqui no TM<\/a>, este \u00e9 tamb\u00e9m impec\u00e1vel, praticamente todo autoral, tendo apenas duas m\u00fasicas em parceria: \u201cPoesseu, poessua (p\u00e9rnalas)\u201d, sobre poema de D\u00e9cio Pignatari e \u201cImagem\u201d, sobre poema de Arnaldo Antunes. Este disco foi lan\u00e7ado em 1995 de maneira quase independente. Composto, produzido e arranjando por P\u00e9ricles. Muito bom! Eu garanto!<\/p>\n<p align=\"center\">por todas as veias<\/p>\n<p align=\"center\">minha vanguarda<\/p>\n<p align=\"center\">doris monteiro<\/p>\n<p align=\"center\">deuses e homens<\/p>\n<p align=\"center\">imagem<\/p>\n<p align=\"center\">a noite em que vicente celestino morreu<\/p>\n<p align=\"center\">v\u00eddeo chorinho<\/p>\n<p align=\"center\">n\u00famero um n\u00ba 2<\/p>\n<p align=\"center\">poesseu, poessua (p\u00e9rnalas)<\/p>\n<p align=\"center\">intimidade<\/p>\n<p align=\"center\">aula de matem\u00e1tica n\u00ba 2<\/p>\n<p align=\"center\">odeio m\u00fasica<\/p>\n<p align=\"center\">com amor, com voc\u00ea<\/p>\n<p align=\"center\">cara de m\u00e3e<\/p>\n<p align=\"center\">mapa mundi<\/p>\n<p align=\"center\">\n","protected":false},"excerpt":{"rendered":"<p>Antes que este ano acabe, que o blog acabe&#8230; Eu n\u00e3o poderia deixar de postar aqui um dos meus discos preferidos de todos os tempos, \u201cSobre as ondas\u201d, do genial P\u00e9ricles Cavalcanti. Este \u00e1lbum eu venho h\u00e1 tempos ensaiando em &hellip; <a href=\"https:\/\/www.toque-musicall.com\/?p=2823\">Continue lendo <span class=\"meta-nav\">&rarr;<\/span><\/a><\/p>\n","protected":false},"author":1,"featured_media":0,"comment_status":"open","ping_status":"closed","sticky":false,"template":"","format":"standard","meta":{"footnotes":""},"categories":[1193,25],"tags":[],"class_list":["post-2823","post","type-post","status-publish","format-standard","hentry","category-pericles-cavalcanti","category-selo-independente"],"_links":{"self":[{"href":"https:\/\/www.toque-musicall.com\/index.php?rest_route=\/wp\/v2\/posts\/2823","targetHints":{"allow":["GET"]}}],"collection":[{"href":"https:\/\/www.toque-musicall.com\/index.php?rest_route=\/wp\/v2\/posts"}],"about":[{"href":"https:\/\/www.toque-musicall.com\/index.php?rest_route=\/wp\/v2\/types\/post"}],"author":[{"embeddable":true,"href":"https:\/\/www.toque-musicall.com\/index.php?rest_route=\/wp\/v2\/users\/1"}],"replies":[{"embeddable":true,"href":"https:\/\/www.toque-musicall.com\/index.php?rest_route=%2Fwp%2Fv2%2Fcomments&post=2823"}],"version-history":[{"count":1,"href":"https:\/\/www.toque-musicall.com\/index.php?rest_route=\/wp\/v2\/posts\/2823\/revisions"}],"predecessor-version":[{"id":2824,"href":"https:\/\/www.toque-musicall.com\/index.php?rest_route=\/wp\/v2\/posts\/2823\/revisions\/2824"}],"wp:attachment":[{"href":"https:\/\/www.toque-musicall.com\/index.php?rest_route=%2Fwp%2Fv2%2Fmedia&parent=2823"}],"wp:term":[{"taxonomy":"category","embeddable":true,"href":"https:\/\/www.toque-musicall.com\/index.php?rest_route=%2Fwp%2Fv2%2Fcategories&post=2823"},{"taxonomy":"post_tag","embeddable":true,"href":"https:\/\/www.toque-musicall.com\/index.php?rest_route=%2Fwp%2Fv2%2Ftags&post=2823"}],"curies":[{"name":"wp","href":"https:\/\/api.w.org\/{rel}","templated":true}]}}