{"id":2851,"date":"2013-02-09T19:29:34","date_gmt":"2013-02-09T21:29:34","guid":{"rendered":"http:\/\/www.toque-musicall.com\/?p=2851"},"modified":"2013-02-10T19:07:28","modified_gmt":"2013-02-10T21:07:28","slug":"alegria-1980","status":"publish","type":"post","link":"https:\/\/www.toque-musicall.com\/?p=2851","title":{"rendered":"Alegria (1980)"},"content":{"rendered":"<p><img loading=\"lazy\" decoding=\"async\" class=\"aligncenter\" src=\"http:\/\/2.bp.blogspot.com\/-11jc8EqjEwU\/URbBxGoYQGI\/AAAAAAAAF1k\/eR_QmOM26MQ\/s400\/capa+P.JPG\" alt=\"\" width=\"400\" height=\"396\" \/><img loading=\"lazy\" decoding=\"async\" class=\"aligncenter\" src=\"http:\/\/2.bp.blogspot.com\/-Rk94VimukWA\/URbBjeY9rUI\/AAAAAAAAF1c\/a72H9Mny34w\/s400\/contracapaP.JPG\" alt=\"\" width=\"400\" height=\"399\" \/><\/p>\n<div>Ol\u00e1, amigos cultos e ocultos! Para a alegria de voc\u00eas, eu estou voltando, no embalo do Carnaval. Ainda n\u00e3o estou totalmente pronto para encarar a tarefa musical di\u00e1ria. Mas acho bom retomar logo as postagens, pois j\u00e1 comecei a ficar mal acostumado e pregui\u00e7oso. Por enquanto vamos recome\u00e7ar sem muitas promessas e sem a obriga\u00e7\u00e3o de sermos di\u00e1rios, ok? Eu ainda n\u00e3o consegui resolver todos os meus `pepinos`, inclusive o conserto do meu computador. Estou fazendo essas novas postagens via Mac, usando outros programas de \u00e1udio, coisa que eu ainda n\u00e3o domino totalmente. Era bem mais f\u00e1cil e r\u00e1pido pelo Windows, mas tudo bem, logo a gente vai afiando&#8230;<\/div>\n<div>Como estamos no Carnaval, Alegria! \u00c9 isso a\u00ed, alegria geral. Este \u00e9 o nome do disco que abre aqui o nosso carnaval. Eis aqui um raro lp da Bemol, lan\u00e7ado provavelmente em 1980, reunindo 14 sambas de g\u00eanero carnavalesco, de sambistas mineiros. Muitos desses artistas fazem parte da Velha Guarda do Samba de Belo Horizonte. Entre os destaques temos o sambista Milton Rodrigues Horta, mais conhecido como &#8220;Lagoinha&#8221;. O conjunto que acompanha os cantores era tamb\u00e9m formado por m\u00fasicos da melhor qualidade, entre eles, o mais famoso, o cavaquinista Waldir Silva. Em resumo, temos aqui um disco de carnaval mineiro. Quem pensa que por aqui n\u00e3o tem carnaval, n\u00e3o se enganou. Por\u00e9m, n\u00e3o \u00e9 por falta de samba, m\u00fasicos e compositores. O que acontece \u00e9 que quando chega o Carnaval eles todos v\u00e3o para o Rio de Janeiro, hehehe&#8230;<\/div>\n<div><\/div>\n<div style=\"text-align: center;\">.<\/div>\n<div style=\"text-align: center;\">querendo aparecer &#8211; jurandi silva<\/div>\n<div style=\"text-align: center;\">tobog\u00e3 &#8211; paulo sobrinho<\/div>\n<div style=\"text-align: center;\">os guizos da colombina &#8211; aquiles junior<\/div>\n<div style=\"text-align: center;\">n\u00e3o chore n\u00e3o &#8211; lagoinha<\/div>\n<div style=\"text-align: center;\">que que isso &#8211; brito<\/div>\n<div style=\"text-align: center;\">bloco do delegado &#8211; ed\u00fa alves<\/div>\n<div style=\"text-align: center;\">entra quem pode &#8211; terezinha soares<\/div>\n<div style=\"text-align: center;\">jo\u00e3o mam\u00e3e &#8211; paulo sobrinho<\/div>\n<div style=\"text-align: center;\">z\u00e9 camisol\u00e3o &#8211; enio barbosa<\/div>\n<div style=\"text-align: center;\">m\u00e1goa no carnaval &#8211; geraldo tavares<\/div>\n<div style=\"text-align: center;\">l\u00e1grimas &#8211; marcio jos\u00e9<\/div>\n<div style=\"text-align: center;\">garota bh &#8211; francisco carioca<\/div>\n<div style=\"text-align: center;\">eu mandei cac\u00e1 na venda &#8211; lagoinha<\/div>\n<div style=\"text-align: center;\">catimba &#8211; nilton rocha<\/div>\n<div style=\"text-align: center;\"><\/div>\n","protected":false},"excerpt":{"rendered":"<p>Ol\u00e1, amigos cultos e ocultos! Para a alegria de voc\u00eas, eu estou voltando, no embalo do Carnaval. Ainda n\u00e3o estou totalmente pronto para encarar a tarefa musical di\u00e1ria. Mas acho bom retomar logo as postagens, pois j\u00e1 comecei a ficar &hellip; <a href=\"https:\/\/www.toque-musicall.com\/?p=2851\">Continue lendo <span class=\"meta-nav\">&rarr;<\/span><\/a><\/p>\n","protected":false},"author":1,"featured_media":0,"comment_status":"open","ping_status":"closed","sticky":false,"template":"","format":"standard","meta":{"footnotes":""},"categories":[263,64,257,853],"tags":[],"class_list":["post-2851","post","type-post","status-publish","format-standard","hentry","category-carnaval","category-coletanea","category-selo-bemol","category-waldir-silva"],"_links":{"self":[{"href":"https:\/\/www.toque-musicall.com\/index.php?rest_route=\/wp\/v2\/posts\/2851","targetHints":{"allow":["GET"]}}],"collection":[{"href":"https:\/\/www.toque-musicall.com\/index.php?rest_route=\/wp\/v2\/posts"}],"about":[{"href":"https:\/\/www.toque-musicall.com\/index.php?rest_route=\/wp\/v2\/types\/post"}],"author":[{"embeddable":true,"href":"https:\/\/www.toque-musicall.com\/index.php?rest_route=\/wp\/v2\/users\/1"}],"replies":[{"embeddable":true,"href":"https:\/\/www.toque-musicall.com\/index.php?rest_route=%2Fwp%2Fv2%2Fcomments&post=2851"}],"version-history":[{"count":7,"href":"https:\/\/www.toque-musicall.com\/index.php?rest_route=\/wp\/v2\/posts\/2851\/revisions"}],"predecessor-version":[{"id":2853,"href":"https:\/\/www.toque-musicall.com\/index.php?rest_route=\/wp\/v2\/posts\/2851\/revisions\/2853"}],"wp:attachment":[{"href":"https:\/\/www.toque-musicall.com\/index.php?rest_route=%2Fwp%2Fv2%2Fmedia&parent=2851"}],"wp:term":[{"taxonomy":"category","embeddable":true,"href":"https:\/\/www.toque-musicall.com\/index.php?rest_route=%2Fwp%2Fv2%2Fcategories&post=2851"},{"taxonomy":"post_tag","embeddable":true,"href":"https:\/\/www.toque-musicall.com\/index.php?rest_route=%2Fwp%2Fv2%2Ftags&post=2851"}],"curies":[{"name":"wp","href":"https:\/\/api.w.org\/{rel}","templated":true}]}}