{"id":2859,"date":"2013-02-10T23:48:15","date_gmt":"2013-02-11T01:48:15","guid":{"rendered":"http:\/\/www.toque-musicall.com\/?p=2859"},"modified":"2013-02-11T10:47:50","modified_gmt":"2013-02-11T12:47:50","slug":"de-chapeu-de-sol-aberto-1971","status":"publish","type":"post","link":"https:\/\/www.toque-musicall.com\/?p=2859","title":{"rendered":"De Chap\u00e9u De Sol Aberto (1971)"},"content":{"rendered":"<p><img loading=\"lazy\" decoding=\"async\" class=\"aligncenter\" src=\"http:\/\/4.bp.blogspot.com\/-Bpe3FjOzrUc\/URhHrSfqcsI\/AAAAAAAAF20\/xN_VGaA7kCo\/s400\/de+chapeu+Fp.JPG\" alt=\"\" width=\"400\" height=\"392\" \/><img loading=\"lazy\" decoding=\"async\" class=\"aligncenter\" src=\"http:\/\/2.bp.blogspot.com\/-nUdT4D5K0I4\/URhHjgZKQ2I\/AAAAAAAAF2s\/PVGmZE9cBy0\/s400\/de+chapeu+Bp.JPG\" alt=\"\" width=\"395\" height=\"400\" \/><\/p>\n<div>Ol\u00e1s! No embalo do Carnaval de Bel\u00f4 e j\u00e1 no \u00faltimo tempo do dia, aqui vai um disquinho dos melhores, capaz de levantar o \u00e2nimo de qualquer foli\u00e3o bodado. Temos aqui outra sele\u00e7\u00e3o, desta vez de frevos, entre os quais se destaca um dos mais tradicionais, &#8220;De chap\u00e9u de sol aberto&#8221;, um cl\u00e1ssico do compositor pernambucano Capiba, que tamb\u00e9m era ligado nas artes pl\u00e1sticas. Ele tamb\u00e9m pintava e aqui temos na capa uma de suas obras. Vale a pena conferir. Disco muito bom \ud83d\ude09<\/div>\n<div style=\"text-align: center;\">.<\/div>\n<div style=\"text-align: center;\">de chap\u00e9u de sol aberto<\/div>\n<div style=\"text-align: center;\">boko moko<\/div>\n<div style=\"text-align: center;\">meu vestibular<\/div>\n<div style=\"text-align: center;\">3 pist\u00f5es de ouro<\/div>\n<div style=\"text-align: center;\">os direitos s\u00e3o iguais<\/div>\n<div style=\"text-align: center;\">frevo da saudade<\/div>\n<div style=\"text-align: center;\">pra que tristeza?<\/div>\n<div style=\"text-align: center;\">lavanca<\/div>\n<div style=\"text-align: center;\">a mulher que eu queria<\/div>\n<div style=\"text-align: center;\">frevo hoje e sempre<\/div>\n<div style=\"text-align: center;\">tempo quente<\/div>\n<div style=\"text-align: center;\">frevo sem quarta feira<\/div>\n<div style=\"text-align: center;\">morrendo de saudade<\/div>\n<div style=\"text-align: center;\">santos no frevo<\/div>\n<div style=\"text-align: center;\"><\/div>\n<div style=\"text-align: center;\">.<\/div>\n","protected":false},"excerpt":{"rendered":"<p>Ol\u00e1s! No embalo do Carnaval de Bel\u00f4 e j\u00e1 no \u00faltimo tempo do dia, aqui vai um disquinho dos melhores, capaz de levantar o \u00e2nimo de qualquer foli\u00e3o bodado. Temos aqui outra sele\u00e7\u00e3o, desta vez de frevos, entre os quais &hellip; <a href=\"https:\/\/www.toque-musicall.com\/?p=2859\">Continue lendo <span class=\"meta-nav\">&rarr;<\/span><\/a><\/p>\n","protected":false},"author":1,"featured_media":0,"comment_status":"open","ping_status":"closed","sticky":false,"template":"","format":"standard","meta":{"footnotes":""},"categories":[263,64,18],"tags":[],"class_list":["post-2859","post","type-post","status-publish","format-standard","hentry","category-carnaval","category-coletanea","category-selo-rca"],"_links":{"self":[{"href":"https:\/\/www.toque-musicall.com\/index.php?rest_route=\/wp\/v2\/posts\/2859","targetHints":{"allow":["GET"]}}],"collection":[{"href":"https:\/\/www.toque-musicall.com\/index.php?rest_route=\/wp\/v2\/posts"}],"about":[{"href":"https:\/\/www.toque-musicall.com\/index.php?rest_route=\/wp\/v2\/types\/post"}],"author":[{"embeddable":true,"href":"https:\/\/www.toque-musicall.com\/index.php?rest_route=\/wp\/v2\/users\/1"}],"replies":[{"embeddable":true,"href":"https:\/\/www.toque-musicall.com\/index.php?rest_route=%2Fwp%2Fv2%2Fcomments&post=2859"}],"version-history":[{"count":4,"href":"https:\/\/www.toque-musicall.com\/index.php?rest_route=\/wp\/v2\/posts\/2859\/revisions"}],"predecessor-version":[{"id":2865,"href":"https:\/\/www.toque-musicall.com\/index.php?rest_route=\/wp\/v2\/posts\/2859\/revisions\/2865"}],"wp:attachment":[{"href":"https:\/\/www.toque-musicall.com\/index.php?rest_route=%2Fwp%2Fv2%2Fmedia&parent=2859"}],"wp:term":[{"taxonomy":"category","embeddable":true,"href":"https:\/\/www.toque-musicall.com\/index.php?rest_route=%2Fwp%2Fv2%2Fcategories&post=2859"},{"taxonomy":"post_tag","embeddable":true,"href":"https:\/\/www.toque-musicall.com\/index.php?rest_route=%2Fwp%2Fv2%2Ftags&post=2859"}],"curies":[{"name":"wp","href":"https:\/\/api.w.org\/{rel}","templated":true}]}}