{"id":2866,"date":"2013-02-12T22:35:51","date_gmt":"2013-02-13T00:35:51","guid":{"rendered":"http:\/\/www.toque-musicall.com\/?p=2866"},"modified":"2013-02-12T22:36:55","modified_gmt":"2013-02-13T00:36:55","slug":"jamelao-samba-enredo-sucessos-antologicos-1975","status":"publish","type":"post","link":"https:\/\/www.toque-musicall.com\/?p=2866","title":{"rendered":"Jamel\u00e3o &#8211; Samba Enredo &#8211; Sucessos Antol\u00f3gicos (1975)"},"content":{"rendered":"<p><img loading=\"lazy\" decoding=\"async\" class=\"aligncenter\" src=\"http:\/\/1.bp.blogspot.com\/-6tjKOj2t1pg\/URrZ9bRFBHI\/AAAAAAAAF5U\/7hmsrwgw-rI\/s400\/fold+er.jpg\" alt=\"\" width=\"394\" height=\"400\" \/><img loading=\"lazy\" decoding=\"async\" class=\"aligncenter\" src=\"http:\/\/1.bp.blogspot.com\/-HpfqzzGJPug\/URrZ4D_F5HI\/AAAAAAAAF5M\/oIsNHanu0SI\/s400\/contara+capap.JPG\" alt=\"\" width=\"391\" height=\"400\" \/><\/p>\n<p>Boa noite, amigos foli\u00f5es! Antes de sair para o \u00faltimo dia de festa (ali\u00e1s, o dia realmente da festa), vou deixando a nossa postagem. Mais uma vez, dentro do clima, o nosso tema \u00e9 o carnaval. Para hoje eu reservei este \u00e1lbum da pesada do Jamel\u00e3o. Temos aqui um lp lan\u00e7ado em 1975 pela gravadora Continental. Est\u00e3o reunidos dez sambas enredos defendidos pelo grande sambista, um dos maiores puxadores de escolas de samba. As dez faixas, como se pode ver, fazem mesmo valer o disco. Confiram a\u00ed, porque eu aqui j\u00e1 estou de sa\u00edda. A folia me aguarda \ud83d\ude42<\/p>\n<div style=\"text-align: center;\">c\u00e2ntico a natureza<\/div>\n<div style=\"text-align: center;\">o grande presidente<\/div>\n<div style=\"text-align: center;\">rio antigo<\/div>\n<div style=\"text-align: center;\">cada grande e senzala<\/div>\n<div style=\"text-align: center;\">o fabuloso mundo do circo<\/div>\n<div style=\"text-align: center;\">rio grande do sul na festa do negro f\u00f4rro<\/div>\n<div style=\"text-align: center;\">dona b\u00eaja, feiticeira de araxa<\/div>\n<div style=\"text-align: center;\">exalta\u00e7\u00e3o a mangueira<\/div>\n<div style=\"text-align: center;\">terra de caruaru<\/div>\n<div style=\"text-align: center;\">apoteose do samba<\/div>\n","protected":false},"excerpt":{"rendered":"<p>Boa noite, amigos foli\u00f5es! Antes de sair para o \u00faltimo dia de festa (ali\u00e1s, o dia realmente da festa), vou deixando a nossa postagem. Mais uma vez, dentro do clima, o nosso tema \u00e9 o carnaval. Para hoje eu reservei &hellip; <a href=\"https:\/\/www.toque-musicall.com\/?p=2866\">Continue lendo <span class=\"meta-nav\">&rarr;<\/span><\/a><\/p>\n","protected":false},"author":1,"featured_media":0,"comment_status":"open","ping_status":"closed","sticky":false,"template":"","format":"standard","meta":{"footnotes":""},"categories":[263,1005,40],"tags":[],"class_list":["post-2866","post","type-post","status-publish","format-standard","hentry","category-carnaval","category-jamelao","category-selo-continental"],"_links":{"self":[{"href":"https:\/\/www.toque-musicall.com\/index.php?rest_route=\/wp\/v2\/posts\/2866","targetHints":{"allow":["GET"]}}],"collection":[{"href":"https:\/\/www.toque-musicall.com\/index.php?rest_route=\/wp\/v2\/posts"}],"about":[{"href":"https:\/\/www.toque-musicall.com\/index.php?rest_route=\/wp\/v2\/types\/post"}],"author":[{"embeddable":true,"href":"https:\/\/www.toque-musicall.com\/index.php?rest_route=\/wp\/v2\/users\/1"}],"replies":[{"embeddable":true,"href":"https:\/\/www.toque-musicall.com\/index.php?rest_route=%2Fwp%2Fv2%2Fcomments&post=2866"}],"version-history":[{"count":2,"href":"https:\/\/www.toque-musicall.com\/index.php?rest_route=\/wp\/v2\/posts\/2866\/revisions"}],"predecessor-version":[{"id":2868,"href":"https:\/\/www.toque-musicall.com\/index.php?rest_route=\/wp\/v2\/posts\/2866\/revisions\/2868"}],"wp:attachment":[{"href":"https:\/\/www.toque-musicall.com\/index.php?rest_route=%2Fwp%2Fv2%2Fmedia&parent=2866"}],"wp:term":[{"taxonomy":"category","embeddable":true,"href":"https:\/\/www.toque-musicall.com\/index.php?rest_route=%2Fwp%2Fv2%2Fcategories&post=2866"},{"taxonomy":"post_tag","embeddable":true,"href":"https:\/\/www.toque-musicall.com\/index.php?rest_route=%2Fwp%2Fv2%2Ftags&post=2866"}],"curies":[{"name":"wp","href":"https:\/\/api.w.org\/{rel}","templated":true}]}}