{"id":2871,"date":"2013-02-14T09:34:31","date_gmt":"2013-02-14T11:34:31","guid":{"rendered":"http:\/\/www.toque-musicall.com\/?p=2871"},"modified":"2013-02-14T09:34:31","modified_gmt":"2013-02-14T11:34:31","slug":"sueli-costa-louca-fina-1979","status":"publish","type":"post","link":"https:\/\/www.toque-musicall.com\/?p=2871","title":{"rendered":"Sueli Costa &#8211; Lou\u00e7a Fina (1979)"},"content":{"rendered":"<p><img loading=\"lazy\" decoding=\"async\" class=\"aligncenter\" src=\"http:\/\/4.bp.blogspot.com\/-v4NYYYQYQnE\/URzDIB-ujLI\/AAAAAAAAF8Y\/-pcOhCq1bx4\/s400\/folder.jpg\" alt=\"\" width=\"398\" height=\"400\" \/><img loading=\"lazy\" decoding=\"async\" class=\"aligncenter\" src=\"http:\/\/3.bp.blogspot.com\/-m72xg5rp8dY\/URzDCScrQlI\/AAAAAAAAF8Q\/1bL9IxRZhV8\/s400\/contraP.JPG\" alt=\"\" width=\"400\" height=\"398\" \/><\/p>\n<div>\n<div>Bom dia, amigos cultos e ocultos! Trago hoje para voc\u00eas a cantora e compositora Sueli Costa. Esta \u00e9 a terceira vez que posto um disco da Sueli. Inclusive, pensando na postagem, me lembrei que j\u00e1 n\u00e3o tenho mais os dois primeiros em lp. Creio que agora s\u00f3 na vers\u00e3o cd ou mp3, que infelizmente n\u00e3o possuem seus respectivos encartes como os dos lps. Se for do interesse dos amigos, logo volto a repostar esses outros dois discos, ok?<\/div>\n<div>&#8220;Lou\u00e7a Fina&#8221; \u00e9 outro \u00e1lbum excelente desta artista, que como eu j\u00e1 disse, \u00e9 basicamente uma compositora. Suas composi\u00e7\u00f5es ganham mais brilho nas vozes de outros int\u00e9rpretes e atrav\u00e9s desses ela se faz conhecida. \u00c9 bom aqui tamb\u00e9m lembrar que Sueli Costa sempre compoe em parcerias, os mais constantes s\u00e3o Abel Silva, Aldir Blanc e Tite Lemos. Neste disco temos como destaque, entre outras, as faixas &#8220;Primeiro jornal&#8221;, m\u00fasica que foi sucesso na voz de Elis Regina e &#8220;Jura Secreta&#8221;, outro grande sucesso nas vozes de Fagner e Simone. Outro ponto forte do disco \u00e9 o instrumental. Neste \u00e1lbum Sueli conta com a presen\u00e7a de grandes m\u00fasicos como, Fernando Leporace; Dori Caymmi (que tamb\u00e9m \u00e9 o produtor); Oscar Castro Neves; Helio Delmiro; Jo\u00e3o Palma e outros mais, al\u00e9m de um super c\u00f4ro. Ta\u00ed, mais um bom disco para se ouvir com outros olhos. \ud83d\ude42<\/div>\n<div><\/div>\n<div style=\"text-align: center;\">para os meninos da nicar\u00e1gua<\/div>\n<div style=\"text-align: center;\">lou\u00e7a fina<\/div>\n<div style=\"text-align: center;\">sabe de mim<\/div>\n<div style=\"text-align: center;\">alegria e a dor<\/div>\n<div style=\"text-align: center;\">uma vida em segredo<\/div>\n<div style=\"text-align: center;\">esperar eu n\u00e3o sei<\/div>\n<div style=\"text-align: center;\">flecha ligeira<\/div>\n<div style=\"text-align: center;\">segredo quebrado<\/div>\n<div style=\"text-align: center;\">primeiro jornal<\/div>\n<div style=\"text-align: center;\">altos e baixos<\/div>\n<div style=\"text-align: center;\">jura secreta<\/div>\n<div style=\"text-align: center;\">o inocente<\/div>\n<div style=\"text-align: center;\"><\/div>\n<div style=\"text-align: center;\"><\/div>\n<\/div>\n<div style=\"text-align: center;\"><\/div>\n","protected":false},"excerpt":{"rendered":"<p>Bom dia, amigos cultos e ocultos! Trago hoje para voc\u00eas a cantora e compositora Sueli Costa. Esta \u00e9 a terceira vez que posto um disco da Sueli. Inclusive, pensando na postagem, me lembrei que j\u00e1 n\u00e3o tenho mais os dois &hellip; <a href=\"https:\/\/www.toque-musicall.com\/?p=2871\">Continue lendo <span class=\"meta-nav\">&rarr;<\/span><\/a><\/p>\n","protected":false},"author":1,"featured_media":0,"comment_status":"open","ping_status":"closed","sticky":false,"template":"","format":"standard","meta":{"footnotes":""},"categories":[244,899],"tags":[],"class_list":["post-2871","post","type-post","status-publish","format-standard","hentry","category-selo-emi-odeon","category-sueli-costa"],"_links":{"self":[{"href":"https:\/\/www.toque-musicall.com\/index.php?rest_route=\/wp\/v2\/posts\/2871","targetHints":{"allow":["GET"]}}],"collection":[{"href":"https:\/\/www.toque-musicall.com\/index.php?rest_route=\/wp\/v2\/posts"}],"about":[{"href":"https:\/\/www.toque-musicall.com\/index.php?rest_route=\/wp\/v2\/types\/post"}],"author":[{"embeddable":true,"href":"https:\/\/www.toque-musicall.com\/index.php?rest_route=\/wp\/v2\/users\/1"}],"replies":[{"embeddable":true,"href":"https:\/\/www.toque-musicall.com\/index.php?rest_route=%2Fwp%2Fv2%2Fcomments&post=2871"}],"version-history":[{"count":1,"href":"https:\/\/www.toque-musicall.com\/index.php?rest_route=\/wp\/v2\/posts\/2871\/revisions"}],"predecessor-version":[{"id":2872,"href":"https:\/\/www.toque-musicall.com\/index.php?rest_route=\/wp\/v2\/posts\/2871\/revisions\/2872"}],"wp:attachment":[{"href":"https:\/\/www.toque-musicall.com\/index.php?rest_route=%2Fwp%2Fv2%2Fmedia&parent=2871"}],"wp:term":[{"taxonomy":"category","embeddable":true,"href":"https:\/\/www.toque-musicall.com\/index.php?rest_route=%2Fwp%2Fv2%2Fcategories&post=2871"},{"taxonomy":"post_tag","embeddable":true,"href":"https:\/\/www.toque-musicall.com\/index.php?rest_route=%2Fwp%2Fv2%2Ftags&post=2871"}],"curies":[{"name":"wp","href":"https:\/\/api.w.org\/{rel}","templated":true}]}}