{"id":288,"date":"2011-10-05T11:10:00","date_gmt":"2011-10-05T11:10:00","guid":{"rendered":"http:\/\/www.toque-musicall.com\/?p=288"},"modified":"2011-10-05T11:10:00","modified_gmt":"2011-10-05T11:10:00","slug":"dionysio-e-seu-quinteto-sax-ritmo-1959","status":"publish","type":"post","link":"https:\/\/www.toque-musicall.com\/?p=288","title":{"rendered":"Dionysio E Seu Quinteto &#8211; Sax &#038; Ritmo (1959)"},"content":{"rendered":"<div style=\"clear: both; text-align: center;\"><a href=\"http:\/\/1.bp.blogspot.com\/-vW9RCTlxv_U\/Towk1I6HAAI\/AAAAAAAAAbE\/r0GOSWPkD7c\/s1600\/dionisio+P.JPG\" style=\"margin-left: 1em; margin-right: 1em;\"><img loading=\"lazy\" decoding=\"async\" border=\"0\" height=\"400\" src=\"http:\/\/1.bp.blogspot.com\/-vW9RCTlxv_U\/Towk1I6HAAI\/AAAAAAAAAbE\/r0GOSWPkD7c\/s400\/dionisio+P.JPG\" width=\"400\" \/><\/a><\/div>\n<p>Bom dia, amigos cultos e ocultos. Segue aqui mais uma raridade, que segundo contam \u00e9 um \u00e1lbum muito procurado por colecionadores, principalmente estrangeiros. Isso, muito por conta dos m\u00fasicos que fazem parte do quinteto do saxofonista Dion\u00edsio de Oliveira (ou Dionysio com Y, se preferirem). Antes, por\u00e9m, de entrarmos nesse m\u00e9rito, o certo \u00e9 apresentarmos o &#8216;bandlearder&#8217;. Dionysio era paulista, iniciou-se na m\u00fasica tocando bateria, mas acabou trocando a percuss\u00e3o r\u00edtmica pelo sopro, tocando saxofone e clarinete. Integrou diferentes e renomadas orquestras em S\u00e3o Paulo e no Rio de Janeiro, para onde se mudou e seguiu carreira. Tocou tamb\u00e9m em diversas r\u00e1dios e fez parte do &#8216;cast&#8217; de instrumentistas da antiga TV Tupi, do RJ. Foi nos meados dos anos 50 que ele formou o seu conjunto, contando com m\u00fasicos talentosos, que alguns anos mais tarde se tornariam c\u00e9lebres instrumentistas. Me refiro ao violonista Baden Powell, o baterista Edson Machado e o contrabaixista Wilson Marinho. Os outros m\u00fasicos do quinteto eu s\u00f3 consegui \u00a0identificar pelo primeiro nome &#8211; Lucas (piano), Alcides (bong\u00f4) e Perez (pandeiro) &#8211; \u00a0rela\u00e7\u00e3o essa que apareceu a primeira vez no blog do Zecaloro, atrav\u00e9s da dica de um de seus visitantes. A mesma lista foi transposta para o Dicion\u00e1rio (in)Cravo Albin, que \u00e9 talvez a \u00fanica fonte de informa\u00e7\u00e3o sobre Dionysio e o seu quinteto. Conforme tamb\u00e9m podemos identificar por l\u00e1, Dionysio e Seu Quinteto gravou apenas tr\u00eas discos, todos pelo selo Internacional CID Hi-Fi. &#8220;Sax &#038; Ritmo&#8221; foi o segundo \u00e1lbum, lan\u00e7ado em 1959, no mesmo ano e embalo do primeiro disco, &#8220;Romance no Texas Bar&#8221;. O terceiro lp viria no ano seguinte, 1960, &#8220;Sax Magia&#8221;, que para mim, \u00e9 o mais raro, afinal \u00e9 o \u00fanico que ainda falta na minha cole\u00e7\u00e3o \ud83d\ude42<br \/>O repert\u00f3rio \u00e9 misto composto de &#8216;standards&#8217; da m\u00fasica internacional, al\u00e9m de sambas e chorinhos, um deles de autoria do pr\u00f3prio Dionysio.<br \/>Acho que eu nem preciso dizer para os amigos conferirem&#8230; t\u00e1 na mesa! \ud83d\ude09<\/p>\n<div style=\"text-align: center;\">ave maria lola<\/div>\n<div style=\"text-align: center;\">sabbosito asi<\/div>\n<div style=\"text-align: center;\">saia do meu caminho<\/div>\n<div style=\"text-align: center;\">vento vadio<\/div>\n<div style=\"text-align: center;\">my blue heaven\u00a0<\/div>\n<div style=\"text-align: center;\">broadway melody<\/div>\n<div style=\"text-align: center;\">a certain smile<\/div>\n<div style=\"text-align: center;\">i&#8217;m in the mood for love<\/div>\n<div style=\"text-align: center;\">el reloj<\/div>\n<div style=\"text-align: center;\">tu me acostumbraste<\/div>\n<div style=\"text-align: center;\">zangadinho<\/div>\n<div style=\"text-align: center;\">manhoso<\/div>\n<div style=\"text-align: center;\"><\/div>\n","protected":false},"excerpt":{"rendered":"<p>Bom dia, amigos cultos e ocultos. Segue aqui mais uma raridade, que segundo contam \u00e9 um \u00e1lbum muito procurado por colecionadores, principalmente estrangeiros. Isso, muito por conta dos m\u00fasicos que fazem parte do quinteto do saxofonista Dion\u00edsio de Oliveira (ou &hellip; <a href=\"https:\/\/www.toque-musicall.com\/?p=288\">Continue lendo <span class=\"meta-nav\">&rarr;<\/span><\/a><\/p>\n","protected":false},"author":1,"featured_media":0,"comment_status":"open","ping_status":"closed","sticky":false,"template":"","format":"standard","meta":{"footnotes":""},"categories":[391,505,504,507,506],"tags":[],"class_list":["post-288","post","type-post","status-publish","format-standard","hentry","category-baden-powell","category-dionisio-de-oliveira","category-dionysio-e-seu-quinteto","category-edson-machado","category-selo-cid-internacional"],"_links":{"self":[{"href":"https:\/\/www.toque-musicall.com\/index.php?rest_route=\/wp\/v2\/posts\/288","targetHints":{"allow":["GET"]}}],"collection":[{"href":"https:\/\/www.toque-musicall.com\/index.php?rest_route=\/wp\/v2\/posts"}],"about":[{"href":"https:\/\/www.toque-musicall.com\/index.php?rest_route=\/wp\/v2\/types\/post"}],"author":[{"embeddable":true,"href":"https:\/\/www.toque-musicall.com\/index.php?rest_route=\/wp\/v2\/users\/1"}],"replies":[{"embeddable":true,"href":"https:\/\/www.toque-musicall.com\/index.php?rest_route=%2Fwp%2Fv2%2Fcomments&post=288"}],"version-history":[{"count":0,"href":"https:\/\/www.toque-musicall.com\/index.php?rest_route=\/wp\/v2\/posts\/288\/revisions"}],"wp:attachment":[{"href":"https:\/\/www.toque-musicall.com\/index.php?rest_route=%2Fwp%2Fv2%2Fmedia&parent=288"}],"wp:term":[{"taxonomy":"category","embeddable":true,"href":"https:\/\/www.toque-musicall.com\/index.php?rest_route=%2Fwp%2Fv2%2Fcategories&post=288"},{"taxonomy":"post_tag","embeddable":true,"href":"https:\/\/www.toque-musicall.com\/index.php?rest_route=%2Fwp%2Fv2%2Ftags&post=288"}],"curies":[{"name":"wp","href":"https:\/\/api.w.org\/{rel}","templated":true}]}}