{"id":2893,"date":"2013-03-15T09:34:02","date_gmt":"2013-03-15T12:34:02","guid":{"rendered":"http:\/\/www.toque-musicall.com\/?p=2893"},"modified":"2013-03-15T09:34:02","modified_gmt":"2013-03-15T12:34:02","slug":"renato-mendes-some-stars-198","status":"publish","type":"post","link":"https:\/\/www.toque-musicall.com\/?p=2893","title":{"rendered":"Renato Mendes &#8211; Some Stars (198&#8230;)"},"content":{"rendered":"<p><img loading=\"lazy\" decoding=\"async\" class=\"aligncenter\" src=\"http:\/\/1.bp.blogspot.com\/-Iv35hltc-Gc\/UUMJaSZ8bSI\/AAAAAAAAGBA\/tn9-HnOSLO4\/s400\/capaP.JPG\" alt=\"\" width=\"398\" height=\"400\" \/><img loading=\"lazy\" decoding=\"async\" class=\"aligncenter\" src=\"http:\/\/4.bp.blogspot.com\/-O46MA2Brl-4\/UUMJQgv-n9I\/AAAAAAAAGA4\/9_rNp1_bSeI\/s400\/contraP.JPG\" alt=\"\" width=\"400\" height=\"398\" \/><\/p>\n<div>Ol\u00e1 amigos cultos e ocultos! Vamos voltando sem muita pressa e afoba\u00e7\u00e3o para n\u00e3o trope\u00e7ar&#8230;\u00a0H\u00e1 quase um ano atr\u00e1s eu postei aqui um disco do organista Renato Mendes (<a href=\"https:\/\/www.toque-musicall.com\/?p=99\" target=\"_blank\">Renato Mendes e Seu Org\u00e3o &#8211; 1962<\/a>), um dos grandes (e esquecidos) nomes da m\u00fasica brasileira. Como &#8216;grandes nomes&#8217; est\u00e3o geralmente associados ao sucesso e popularidade, talvez muita gente n\u00e3o o reconhe\u00e7a, pois seu talento musical se encontra em uma outra esfera, a da m\u00fasica eletr\u00f4nica, de teclados variados. N\u00e3o vou ficar aqui repetindo toda essa hist\u00f3ria. Na postagem do disco anterior h\u00e1 outras informa\u00e7\u00f5es, que levam tamb\u00e9m a uma outra, muito boa, publicada pelo blog\u00a0<a href=\"http:\/\/vinylmaniac1.blogspot.com.br\/2011\/01\/renato-mendes-orgao-de-vanguarda.html\" target=\"_blank\">Vinyl Manic<\/a>. Eu, inclusive, havia dito\u00a0na \u00e9poca\u00a0que iria postar em breve outro lp do Renato, mas\u00a0o tal disco acabou sumindo por aqui. Achei ent\u00e3o esse outro, &#8220;Some Stars&#8221;, \u00e1lbum lan\u00e7ado na d\u00e9cada de 80, creio eu. N\u00e3o h\u00e1 referencia certa \u00e0 data. Trata-se de uma produ\u00e7\u00e3o independente. Um disco onde o nosso artista desfila um repert\u00f3rio variado, com temas nacionais e internacionais, sob as teclas de um org\u00e3o eletr\u00f4nico Yamaha, na \u00e9poca o poderoso Electone FX-20. Pessoalmente, achei o resultado um pouco decepcionante, considerando as qualidades do instrumentista e a fama do instrumento. Sinceramente, eu esperava mais. Bem porque at\u00e9 a capa nos convida a um disco aparentemente grandioso. Para mim, vale mais como curiosidade. Ali\u00e1s, eu adoro curiosidasdes \ud83d\ude42<\/p>\n<div style=\"text-align: center;\">guerra nas estrelas<\/div>\n<div style=\"text-align: center;\">when you wich uppon a star<\/div>\n<div style=\"text-align: center;\">the umbrella&#8217;s theme:<\/div>\n<div style=\"text-align: center;\">genevieve&#8217;s theme<\/div>\n<div style=\"text-align: center;\">watch what happens<\/div>\n<div style=\"text-align: center;\">i will wait for you<\/div>\n<div style=\"text-align: center;\">the saddest thing of all<\/div>\n<div style=\"text-align: center;\">t\u00f4 voltando<\/div>\n<div style=\"text-align: center;\">vera cruz<\/div>\n<div style=\"text-align: center;\">rio<\/div>\n<div style=\"text-align: center;\">bem querer<\/div>\n<div style=\"text-align: center;\">estrelinha<\/div>\n<div style=\"text-align: center;\">mahmy<\/div>\n<div style=\"text-align: center;\"><\/div>\n<div style=\"text-align: center;\"><\/div>\n<\/div>\n<div style=\"text-align: center;\"><\/div>\n","protected":false},"excerpt":{"rendered":"<p>Ol\u00e1 amigos cultos e ocultos! Vamos voltando sem muita pressa e afoba\u00e7\u00e3o para n\u00e3o trope\u00e7ar&#8230;\u00a0H\u00e1 quase um ano atr\u00e1s eu postei aqui um disco do organista Renato Mendes (Renato Mendes e Seu Org\u00e3o &#8211; 1962), um dos grandes (e esquecidos) &hellip; <a href=\"https:\/\/www.toque-musicall.com\/?p=2893\">Continue lendo <span class=\"meta-nav\">&rarr;<\/span><\/a><\/p>\n","protected":false},"author":1,"featured_media":0,"comment_status":"open","ping_status":"closed","sticky":false,"template":"","format":"standard","meta":{"footnotes":""},"categories":[185,25],"tags":[],"class_list":["post-2893","post","type-post","status-publish","format-standard","hentry","category-renato-mendes","category-selo-independente"],"_links":{"self":[{"href":"https:\/\/www.toque-musicall.com\/index.php?rest_route=\/wp\/v2\/posts\/2893","targetHints":{"allow":["GET"]}}],"collection":[{"href":"https:\/\/www.toque-musicall.com\/index.php?rest_route=\/wp\/v2\/posts"}],"about":[{"href":"https:\/\/www.toque-musicall.com\/index.php?rest_route=\/wp\/v2\/types\/post"}],"author":[{"embeddable":true,"href":"https:\/\/www.toque-musicall.com\/index.php?rest_route=\/wp\/v2\/users\/1"}],"replies":[{"embeddable":true,"href":"https:\/\/www.toque-musicall.com\/index.php?rest_route=%2Fwp%2Fv2%2Fcomments&post=2893"}],"version-history":[{"count":1,"href":"https:\/\/www.toque-musicall.com\/index.php?rest_route=\/wp\/v2\/posts\/2893\/revisions"}],"predecessor-version":[{"id":2894,"href":"https:\/\/www.toque-musicall.com\/index.php?rest_route=\/wp\/v2\/posts\/2893\/revisions\/2894"}],"wp:attachment":[{"href":"https:\/\/www.toque-musicall.com\/index.php?rest_route=%2Fwp%2Fv2%2Fmedia&parent=2893"}],"wp:term":[{"taxonomy":"category","embeddable":true,"href":"https:\/\/www.toque-musicall.com\/index.php?rest_route=%2Fwp%2Fv2%2Fcategories&post=2893"},{"taxonomy":"post_tag","embeddable":true,"href":"https:\/\/www.toque-musicall.com\/index.php?rest_route=%2Fwp%2Fv2%2Ftags&post=2893"}],"curies":[{"name":"wp","href":"https:\/\/api.w.org\/{rel}","templated":true}]}}