{"id":2895,"date":"2013-03-16T21:31:04","date_gmt":"2013-03-17T00:31:04","guid":{"rendered":"http:\/\/www.toque-musicall.com\/?p=2895"},"modified":"2013-03-16T21:31:04","modified_gmt":"2013-03-17T00:31:04","slug":"flavio-cavalcanti-o-reporter-da-historia-1973","status":"publish","type":"post","link":"https:\/\/www.toque-musicall.com\/?p=2895","title":{"rendered":"Fl\u00e1vio Cavalcanti &#8211; O Rep\u00f3rter Da Hist\u00f3ria (1973)"},"content":{"rendered":"<p><img loading=\"lazy\" decoding=\"async\" class=\"aligncenter\" src=\"http:\/\/3.bp.blogspot.com\/-OzoZTMSt8LU\/UUR-Cj7bowI\/AAAAAAAAGBY\/QA6KLz0K4ts\/s400\/capap.JPG\" alt=\"\" width=\"396\" height=\"400\" \/><img loading=\"lazy\" decoding=\"async\" class=\"aligncenter\" src=\"http:\/\/1.bp.blogspot.com\/-f5GL6Mdyt-M\/UUR99RRP-yI\/AAAAAAAAGBQ\/3orFV7rACVM\/s400\/contrap.JPG\" alt=\"\" width=\"397\" height=\"400\" \/><\/p>\n<p>Bom noite, amigos cultos e ocultos! Mal eu retornei e a persegui\u00e7\u00e3o continua. Hoje eu recebi uma notifica\u00e7\u00e3o do 4Shared avisando que o arquivo do disco &#8220;Superstar&#8221;, do Cauby Peixoto, foi suspenso devido a uma reclama\u00e7\u00e3o an\u00f4nima. Bom! An\u00f4nimo agora tamb\u00e9m \u00e9 detentor de direitos autorais. A RCA Victor, ou quem a representa atualmente, nem deve saber da exist\u00eancia desse disco. Ali\u00e1s, se ficou sabendo foi mesmo por conta do Toque Musical. Porque se depender de gravadoras, multinacionais, s\u00f3 interessa o que ainda der retorno financeiro. Como se trata do Cauby Peixoto, acho at\u00e9 que algum dia eles ir\u00e3o relan\u00e7ar&#8230; via iTunes os mp3 que a gente posta aqui. E l\u00e1, claro, quem quiser baixar tem que pagar. Se perguntarem quanto que o Cauby, os compositores e m\u00fasicos envolvidos v\u00e3o ganhar com isso, eu lhes digo com certeza: nada! As gravadoras, ou algo assim, est\u00e3o se redescobrindo. Perceberam que podem continuar explorando a &#8216;cultura fonomusical&#8217; de maneira ainda mais vantajosa. Eles agora vendem o imaterial. Antes vendiam discos, hoje vendem concess\u00e3o para ouvir. M\u00fasica se tornou apenas um entretenimento ordin\u00e1rio Algo sem compromisso como se ouvir tudo pelo r\u00e1dio. As pessoas hoje gostam do que \u00e9 formatado para elas. Talvez seja por isso que o n\u00edvel musical pelo mundo caiu tanto. Seja como for, o importante \u00e9 n\u00e3o deixar que o lixo atual atropele a rica produ\u00e7\u00e3o de outras d\u00e9cadas. O mundo est\u00e1 sempre mudando e precisamos estar atentos para n\u00e3o deixar o barco ir de encontro \u00e0s pedras&#8230;<br \/>\nE falando em hist\u00f3ria, eis aqui um lp bem curioso. Um disco que s\u00f3 mesmo no Toque Musical voc\u00eas poderiam encontrar. Olhem s\u00f3, o impag\u00e1vel\u00a0apresentador\u00a0Fl\u00e1vio Cavalcanti, num momento raro e exclusivo, entrevistando as nobres figuras de Pedro Alvares Cabral, Tiradentes, Dom Jo\u00e3o VI, seu filho Dom Pedro I, a Princesa Isabel e de quebra, ainda sobrou para o Santos Dumont. \u00c9 isso a\u00ed, ele conseguiu entrevistas exclusiva que nos revelam um pouco da nossa hist\u00f3ria. Seis personagens importantes contando ao rep\u00f3rter seus fatos mais marcantes. Alguns, hoje sabemos, n\u00e3o de todo verdadeiros. Enfim, um curioso relato em forma de entrevista. Creio eu que na \u00e9poca, no programa do Fl\u00e1vio havia um quadro assim. Ou estarei enganado?\u00a0Fl\u00e1vio Cavalcanti entrevista:<\/p>\n<div style=\"text-align: center;\">pedro alvares cabral<\/div>\n<div style=\"text-align: center;\">tiradentes<\/div>\n<div style=\"text-align: center;\">d. jo\u00e3o VI<\/div>\n<div style=\"text-align: center;\">d. pedro I<\/div>\n<div style=\"text-align: center;\">princesa izabel<\/div>\n<div style=\"text-align: center;\">santos dumont<\/div>\n<div style=\"text-align: center;\"><\/div>\n<div style=\"text-align: center;\">.<\/div>\n","protected":false},"excerpt":{"rendered":"<p>Bom noite, amigos cultos e ocultos! Mal eu retornei e a persegui\u00e7\u00e3o continua. Hoje eu recebi uma notifica\u00e7\u00e3o do 4Shared avisando que o arquivo do disco &#8220;Superstar&#8221;, do Cauby Peixoto, foi suspenso devido a uma reclama\u00e7\u00e3o an\u00f4nima. Bom! An\u00f4nimo agora &hellip; <a href=\"https:\/\/www.toque-musicall.com\/?p=2895\">Continue lendo <span class=\"meta-nav\">&rarr;<\/span><\/a><\/p>\n","protected":false},"author":1,"featured_media":0,"comment_status":"open","ping_status":"closed","sticky":false,"template":"","format":"standard","meta":{"footnotes":""},"categories":[2117],"tags":[],"class_list":["post-2895","post","type-post","status-publish","format-standard","hentry","category-selo-mit"],"_links":{"self":[{"href":"https:\/\/www.toque-musicall.com\/index.php?rest_route=\/wp\/v2\/posts\/2895","targetHints":{"allow":["GET"]}}],"collection":[{"href":"https:\/\/www.toque-musicall.com\/index.php?rest_route=\/wp\/v2\/posts"}],"about":[{"href":"https:\/\/www.toque-musicall.com\/index.php?rest_route=\/wp\/v2\/types\/post"}],"author":[{"embeddable":true,"href":"https:\/\/www.toque-musicall.com\/index.php?rest_route=\/wp\/v2\/users\/1"}],"replies":[{"embeddable":true,"href":"https:\/\/www.toque-musicall.com\/index.php?rest_route=%2Fwp%2Fv2%2Fcomments&post=2895"}],"version-history":[{"count":1,"href":"https:\/\/www.toque-musicall.com\/index.php?rest_route=\/wp\/v2\/posts\/2895\/revisions"}],"predecessor-version":[{"id":2896,"href":"https:\/\/www.toque-musicall.com\/index.php?rest_route=\/wp\/v2\/posts\/2895\/revisions\/2896"}],"wp:attachment":[{"href":"https:\/\/www.toque-musicall.com\/index.php?rest_route=%2Fwp%2Fv2%2Fmedia&parent=2895"}],"wp:term":[{"taxonomy":"category","embeddable":true,"href":"https:\/\/www.toque-musicall.com\/index.php?rest_route=%2Fwp%2Fv2%2Fcategories&post=2895"},{"taxonomy":"post_tag","embeddable":true,"href":"https:\/\/www.toque-musicall.com\/index.php?rest_route=%2Fwp%2Fv2%2Ftags&post=2895"}],"curies":[{"name":"wp","href":"https:\/\/api.w.org\/{rel}","templated":true}]}}