{"id":2911,"date":"2013-03-22T09:09:56","date_gmt":"2013-03-22T12:09:56","guid":{"rendered":"http:\/\/www.toque-musicall.com\/?p=2911"},"modified":"2016-12-13T23:44:04","modified_gmt":"2016-12-14T01:44:04","slug":"top-19-o-melhor-da-musica-feita-em-minas-em-2012-2013","status":"publish","type":"post","link":"https:\/\/www.toque-musicall.com\/?p=2911","title":{"rendered":"Top 19 &#8211; O Melhor Da M\u00fasica Feita Em Minas Em 2012 (2013)"},"content":{"rendered":"<p><img loading=\"lazy\" decoding=\"async\" class=\"aligncenter\" src=\"http:\/\/3.bp.blogspot.com\/-9dcd60LJFZ8\/UUxDhy3kCRI\/AAAAAAAAGDw\/lLZ-v35HazQ\/s400\/CAPA+1BP.JPG\" alt=\"\" width=\"400\" height=\"400\" \/><img loading=\"lazy\" decoding=\"async\" class=\"aligncenter\" src=\"http:\/\/1.bp.blogspot.com\/-gwJyMy_Ey8M\/UUxDc5fv5uI\/AAAAAAAAGDo\/1BfXDKhW1EQ\/s400\/CONTRACAPA+1BP.JPG\" alt=\"\" width=\"400\" height=\"400\" \/><\/p>\n<p>Bom dia, amigos cultos e ocultos! Olha sexta-feria chegando a\u00ed&#8230; E foi agora que eu me lembrei que tradicionalmente na sexta \u00e9 que fazemos as postagens de discos\/artistas independentes e colet\u00e2neas especiais do Toque Musical. Assim sendo, vou logo postando aqui esta colet\u00e2nea criada no final do ano passado pelo meu amigo Edu Pampani. Na verdade \u00e9 a segunda edi\u00e7\u00e3o, pois no ano passado tamb\u00e9m tivemos outro &#8220;<a href=\"https:\/\/www.toque-musicall.com\/?p=179\">Top 19<\/a>&#8220;, com os melhores da m\u00fasica independente mineira de 2011. Desta vez vamos com aquilo que, segundo o Pampani, foi o melhor da m\u00fasica feita em Minas em 2012. Eu, c\u00e1, s\u00f3 tenho a endossar\u00a0\ud83d\ude42<\/p>\n<div style=\"text-align: center;\">macaxeira fields &#8211; alexandre andr\u00e9s<\/div>\n<div style=\"text-align: center;\">rap&#8217;ente &#8211; bilora<\/div>\n<div style=\"text-align: center;\">esta\u00e7\u00e3o 104 &#8211; chico amaral<\/div>\n<div style=\"text-align: center;\">felicidade certa &#8211; dudu nic\u00e1cio<\/div>\n<div style=\"text-align: center;\">burian &#8211; frederico heliodoro<\/div>\n<div style=\"text-align: center;\">estrela cadente &#8211; gabriel guedes<\/div>\n<div style=\"text-align: center;\">let me do it &#8211; gabriela pepino<\/div>\n<div style=\"text-align: center;\">juriti &#8211; gustavito<\/div>\n<div style=\"text-align: center;\">aurora &#8211; luiza brina<\/div>\n<div style=\"text-align: center;\">mar deserto &#8211; paula santoro<\/div>\n<div style=\"text-align: center;\">qualquer palavra &#8211; quarteto cobra coral<\/div>\n<div style=\"text-align: center;\">bai\u00e3o do caminhar &#8211; rafael martini<\/div>\n<div style=\"text-align: center;\">carne boa &#8211; roberta campos<\/div>\n<div style=\"text-align: center;\">vida no interior &#8211; rubinho do vale<\/div>\n<div style=\"text-align: center;\">de volta a delegacia &#8211; thiago delegado<\/div>\n<div style=\"text-align: center;\">rui macacada &#8211; ti\u00e3odu\u00e1<\/div>\n<div style=\"text-align: center;\">burn fya &#8211; uai sound system<\/div>\n<div style=\"text-align: center;\">c\u00faria &#8211; urucum na cara<\/div>\n<div style=\"text-align: center;\">z\u00e9 da guiomar &#8211; retrato da bahia<\/div>\n","protected":false},"excerpt":{"rendered":"<p>Bom dia, amigos cultos e ocultos! Olha sexta-feria chegando a\u00ed&#8230; E foi agora que eu me lembrei que tradicionalmente na sexta \u00e9 que fazemos as postagens de discos\/artistas independentes e colet\u00e2neas especiais do Toque Musical. Assim sendo, vou logo postando &hellip; <a href=\"https:\/\/www.toque-musicall.com\/?p=2911\">Continue lendo <span class=\"meta-nav\">&rarr;<\/span><\/a><\/p>\n","protected":false},"author":1,"featured_media":0,"comment_status":"open","ping_status":"closed","sticky":false,"template":"","format":"standard","meta":{"footnotes":""},"categories":[11,2119],"tags":[],"class_list":["post-2911","post","type-post","status-publish","format-standard","hentry","category-exclusivos-do-toque-musical","category-top-19-da-musica-mineira-em-2012"],"_links":{"self":[{"href":"https:\/\/www.toque-musicall.com\/index.php?rest_route=\/wp\/v2\/posts\/2911","targetHints":{"allow":["GET"]}}],"collection":[{"href":"https:\/\/www.toque-musicall.com\/index.php?rest_route=\/wp\/v2\/posts"}],"about":[{"href":"https:\/\/www.toque-musicall.com\/index.php?rest_route=\/wp\/v2\/types\/post"}],"author":[{"embeddable":true,"href":"https:\/\/www.toque-musicall.com\/index.php?rest_route=\/wp\/v2\/users\/1"}],"replies":[{"embeddable":true,"href":"https:\/\/www.toque-musicall.com\/index.php?rest_route=%2Fwp%2Fv2%2Fcomments&post=2911"}],"version-history":[{"count":2,"href":"https:\/\/www.toque-musicall.com\/index.php?rest_route=\/wp\/v2\/posts\/2911\/revisions"}],"predecessor-version":[{"id":5906,"href":"https:\/\/www.toque-musicall.com\/index.php?rest_route=\/wp\/v2\/posts\/2911\/revisions\/5906"}],"wp:attachment":[{"href":"https:\/\/www.toque-musicall.com\/index.php?rest_route=%2Fwp%2Fv2%2Fmedia&parent=2911"}],"wp:term":[{"taxonomy":"category","embeddable":true,"href":"https:\/\/www.toque-musicall.com\/index.php?rest_route=%2Fwp%2Fv2%2Fcategories&post=2911"},{"taxonomy":"post_tag","embeddable":true,"href":"https:\/\/www.toque-musicall.com\/index.php?rest_route=%2Fwp%2Fv2%2Ftags&post=2911"}],"curies":[{"name":"wp","href":"https:\/\/api.w.org\/{rel}","templated":true}]}}