{"id":2913,"date":"2013-03-23T08:57:15","date_gmt":"2013-03-23T11:57:15","guid":{"rendered":"http:\/\/www.toque-musicall.com\/?p=2913"},"modified":"2013-03-23T08:59:02","modified_gmt":"2013-03-23T11:59:02","slug":"rago-em-sonoramico-1960","status":"publish","type":"post","link":"https:\/\/www.toque-musicall.com\/?p=2913","title":{"rendered":"Rago &#8211; Em Sonor\u00e2mico (1960)"},"content":{"rendered":"<p><img loading=\"lazy\" decoding=\"async\" class=\"aligncenter\" src=\"http:\/\/1.bp.blogspot.com\/-1hUnGGjWwYk\/UU2PBjIj78I\/AAAAAAAAGEg\/f2bHi7OvzJg\/s400\/capa+P.JPG\" alt=\"\" width=\"397\" height=\"400\" \/><img loading=\"lazy\" decoding=\"async\" class=\"aligncenter\" src=\"http:\/\/4.bp.blogspot.com\/-2VlwxfkawYU\/UU2O4C1Np_I\/AAAAAAAAGEY\/eOdpGg7JcF8\/s400\/contracapa+p.JPG\" alt=\"\" width=\"400\" height=\"400\" \/><\/p>\n<div>Bom dia, amigos cultos e ocultos! Como fiquei por quase dois meses sem fazer novas postagens, acho que muita gente pensou que o Augusto aqui n\u00e3o fosse voltar. Mas enquanto ouver sulco na agulha o Toque Musical continua mandando brasa! Como j\u00e1 havia comentado, estou aos poucos repondo novos links. Primeiro cuidamos da postagem di\u00e1ria, depois vamos para as solicita\u00e7\u00f5es de reposi\u00e7\u00e3o de links pedidos por voc\u00eas. A prop\u00f3sito disso, conto com a paci\u00eancia de todos, pois vou colocando novos links de acordo com a ordem de chegada. Estamos ainda na pend\u00eancia de 119 novos links. Aos poucos ou aos muitos eles saem. Paci\u00eancia&#8230;<br \/>\nEscolhi para hoje este disco do violonista e compositor paulista Antonio Rago. Juro que eu nem lembrava de que j\u00e1 havia postado aqui\u00a0<a href=\"https:\/\/www.toque-musicall.com\/?p=1006\">um outro disco dele<\/a>. Ali\u00e1s, uma colet\u00e2nea, a qual traz diversas m\u00fasicas deste outro que estou trazendo agora. Certamente, quem estiver lendo este post j\u00e1 sabe onde clicar para chegar \u00e0 postagem do disco anterior. L\u00e1 tamb\u00e9m voc\u00eas saber\u00e3o um pouco mais a respeito desse artista.<br \/>\n&#8220;Rago, Em Sonor\u00e2mico&#8221; foi um lp da Continental, lan\u00e7ado em 1960. Neste \u00e1lbum Rago vem acompanhado por seu regional, formado com Portinho, na clarineta; Hort\u00eancio, na gaita; Jocy Alves, no viol\u00e3o; Nefe, no contrabaixo; Xixa, no cavaquinho e Pedro (Sorongo) no pandeiro. Antonio Rago, como se pode ver na capa do disco, vem pilotando seu viol\u00e3o el\u00e9trico, instrumento esse, criado exclusivamente para ele pela f\u00e1brica Di Giorgio. No repert\u00f3rio temos uma sele\u00e7\u00e3o variada de ritmos, entre boleros, bai\u00f5es, mambo, choro, toada, samba e cha cha cha. Todas as m\u00fasicas s\u00e3o de sua autoria.<\/p>\n<div style=\"text-align: center;\">jamais te esquecerei<\/div>\n<div style=\"text-align: center;\">folinha<\/div>\n<div style=\"text-align: center;\">mentiroso<\/div>\n<div style=\"text-align: center;\">mambo na gl\u00f3ria<\/div>\n<div style=\"text-align: center;\">se ela voltasse<\/div>\n<div style=\"text-align: center;\">cha cha cha<\/div>\n<div style=\"text-align: center;\">em tuas m\u00e3os<\/div>\n<div style=\"text-align: center;\">o bar\u00e3o na dan\u00e7a<\/div>\n<div style=\"text-align: center;\">festa portuguesa<\/div>\n<div style=\"text-align: center;\">encantamento<\/div>\n<div style=\"text-align: center;\">boneca japonesa<\/div>\n<div style=\"text-align: center;\">voc\u00ea \u00e9 meu samba<\/div>\n<div style=\"text-align: center;\"><\/div>\n<div style=\"text-align: center;\"><\/div>\n<\/div>\n<div style=\"text-align: center;\"><\/div>\n","protected":false},"excerpt":{"rendered":"<p>Bom dia, amigos cultos e ocultos! Como fiquei por quase dois meses sem fazer novas postagens, acho que muita gente pensou que o Augusto aqui n\u00e3o fosse voltar. Mas enquanto ouver sulco na agulha o Toque Musical continua mandando brasa! &hellip; <a href=\"https:\/\/www.toque-musicall.com\/?p=2913\">Continue lendo <span class=\"meta-nav\">&rarr;<\/span><\/a><\/p>\n","protected":false},"author":1,"featured_media":0,"comment_status":"open","ping_status":"closed","sticky":false,"template":"","format":"standard","meta":{"footnotes":""},"categories":[1297,40],"tags":[],"class_list":["post-2913","post","type-post","status-publish","format-standard","hentry","category-rago","category-selo-continental"],"_links":{"self":[{"href":"https:\/\/www.toque-musicall.com\/index.php?rest_route=\/wp\/v2\/posts\/2913","targetHints":{"allow":["GET"]}}],"collection":[{"href":"https:\/\/www.toque-musicall.com\/index.php?rest_route=\/wp\/v2\/posts"}],"about":[{"href":"https:\/\/www.toque-musicall.com\/index.php?rest_route=\/wp\/v2\/types\/post"}],"author":[{"embeddable":true,"href":"https:\/\/www.toque-musicall.com\/index.php?rest_route=\/wp\/v2\/users\/1"}],"replies":[{"embeddable":true,"href":"https:\/\/www.toque-musicall.com\/index.php?rest_route=%2Fwp%2Fv2%2Fcomments&post=2913"}],"version-history":[{"count":2,"href":"https:\/\/www.toque-musicall.com\/index.php?rest_route=\/wp\/v2\/posts\/2913\/revisions"}],"predecessor-version":[{"id":2915,"href":"https:\/\/www.toque-musicall.com\/index.php?rest_route=\/wp\/v2\/posts\/2913\/revisions\/2915"}],"wp:attachment":[{"href":"https:\/\/www.toque-musicall.com\/index.php?rest_route=%2Fwp%2Fv2%2Fmedia&parent=2913"}],"wp:term":[{"taxonomy":"category","embeddable":true,"href":"https:\/\/www.toque-musicall.com\/index.php?rest_route=%2Fwp%2Fv2%2Fcategories&post=2913"},{"taxonomy":"post_tag","embeddable":true,"href":"https:\/\/www.toque-musicall.com\/index.php?rest_route=%2Fwp%2Fv2%2Ftags&post=2913"}],"curies":[{"name":"wp","href":"https:\/\/api.w.org\/{rel}","templated":true}]}}