{"id":2918,"date":"2013-03-24T13:53:20","date_gmt":"2013-03-24T16:53:20","guid":{"rendered":"http:\/\/www.toque-musicall.com\/?p=2918"},"modified":"2013-03-24T14:01:58","modified_gmt":"2013-03-24T17:01:58","slug":"ester-de-abreu-canta-1956","status":"publish","type":"post","link":"https:\/\/www.toque-musicall.com\/?p=2918","title":{"rendered":"Ester De Abreu &#8211; Canta (1956)"},"content":{"rendered":"<p><img loading=\"lazy\" decoding=\"async\" class=\"aligncenter\" src=\"http:\/\/4.bp.blogspot.com\/-fg4WCIBNvVY\/UU8ixFKMB-I\/AAAAAAAAGFA\/gbsD05-1qqA\/s400\/ester+de+abreu+fp.JPG\" alt=\"\" width=\"393\" height=\"400\" \/><img loading=\"lazy\" decoding=\"async\" class=\"aligncenter\" src=\"http:\/\/2.bp.blogspot.com\/-5VZNc9FSbsE\/UU8inYaw5wI\/AAAAAAAAGE4\/h3saMK5CICU\/s400\/ester+de+abreu+bp.JPG\" alt=\"\" width=\"399\" height=\"400\" \/><\/p>\n<div>\n<div>Bom dia, amigos cultos e ocultos! Estou num des\u00e2nimo que voc\u00eas n\u00e3o fazem ideia. Tudo por conta de uma constipa\u00e7\u00e3o que refletiu at\u00e9 nos meus movimentos. Minha coluna at\u00e9 parece ter saido do lugar. D\u00f3i pr\u00e1 Augusto! E se n\u00e3o bastasse, ainda \u00e9 domingo e de chuva. Da\u00ed, eu fico quietinho e para destrair, melhor mesmo \u00e9 fazer minha postagem. Escolhi, portanto, um disco que j\u00e1 estava pronto, esperando a sua hora.<\/div>\n<div>Vamos pela segunda vez trazendo a cantora portuguesa, Ester de Abreu. H\u00e1 praticamente dois anos atr\u00e1s eu postei aqui\u00a0<a href=\"https:\/\/www.toque-musicall.com\/?p=506\">um outro disco dela<\/a>, lan\u00e7ado pela Sinter, em 1954, como acompanhamento da Orquestra de Lyrio Panicali. Hoje vamos com este, lan\u00e7ado em 1956 pela Victor, onde Ester, tamb\u00e9m acompanhada da orquestra da casa, nos brinda com um repert\u00f3rio meio l\u00e1, meio c\u00e1. Quero dizer, no bom sentido, com m\u00fasicas famosas de sua terra e tamb\u00e9m brasileiras, ou adaptadas. Acho interessante a maneira de interpreta\u00e7\u00e3o desta cantora, principalmente ao cantar m\u00fasica brasileira. Parece que ela se transforma, sua voz fica ainda mais bonita. Confiram a\u00ed&#8230;<\/div>\n<div><\/div>\n<div style=\"text-align: center;\">lisboa n\u00e3o sejas francesa<\/div>\n<div style=\"text-align: center;\">ilha da madeira<\/div>\n<div style=\"text-align: center;\">lisboa antiga<\/div>\n<div style=\"text-align: center;\">uma casa portuguesa<\/div>\n<div style=\"text-align: center;\">malage\u00f1a<\/div>\n<div style=\"text-align: center;\">se um dia<\/div>\n<div style=\"text-align: center;\">ningu\u00e9m como tu<\/div>\n<div style=\"text-align: center;\">mais um pouco de amor<\/div>\n<div style=\"text-align: center;\"><\/div>\n<div style=\"text-align: center;\"><\/div>\n<\/div>\n<div style=\"text-align: center;\"><\/div>\n","protected":false},"excerpt":{"rendered":"<p>Bom dia, amigos cultos e ocultos! Estou num des\u00e2nimo que voc\u00eas n\u00e3o fazem ideia. Tudo por conta de uma constipa\u00e7\u00e3o que refletiu at\u00e9 nos meus movimentos. Minha coluna at\u00e9 parece ter saido do lugar. D\u00f3i pr\u00e1 Augusto! E se n\u00e3o &hellip; <a href=\"https:\/\/www.toque-musicall.com\/?p=2918\">Continue lendo <span class=\"meta-nav\">&rarr;<\/span><\/a><\/p>\n","protected":false},"author":1,"featured_media":0,"comment_status":"open","ping_status":"closed","sticky":false,"template":"","format":"standard","meta":{"footnotes":""},"categories":[789,70],"tags":[],"class_list":["post-2918","post","type-post","status-publish","format-standard","hentry","category-ester-de-abreu","category-selo-rca-victor"],"_links":{"self":[{"href":"https:\/\/www.toque-musicall.com\/index.php?rest_route=\/wp\/v2\/posts\/2918","targetHints":{"allow":["GET"]}}],"collection":[{"href":"https:\/\/www.toque-musicall.com\/index.php?rest_route=\/wp\/v2\/posts"}],"about":[{"href":"https:\/\/www.toque-musicall.com\/index.php?rest_route=\/wp\/v2\/types\/post"}],"author":[{"embeddable":true,"href":"https:\/\/www.toque-musicall.com\/index.php?rest_route=\/wp\/v2\/users\/1"}],"replies":[{"embeddable":true,"href":"https:\/\/www.toque-musicall.com\/index.php?rest_route=%2Fwp%2Fv2%2Fcomments&post=2918"}],"version-history":[{"count":3,"href":"https:\/\/www.toque-musicall.com\/index.php?rest_route=\/wp\/v2\/posts\/2918\/revisions"}],"predecessor-version":[{"id":2920,"href":"https:\/\/www.toque-musicall.com\/index.php?rest_route=\/wp\/v2\/posts\/2918\/revisions\/2920"}],"wp:attachment":[{"href":"https:\/\/www.toque-musicall.com\/index.php?rest_route=%2Fwp%2Fv2%2Fmedia&parent=2918"}],"wp:term":[{"taxonomy":"category","embeddable":true,"href":"https:\/\/www.toque-musicall.com\/index.php?rest_route=%2Fwp%2Fv2%2Fcategories&post=2918"},{"taxonomy":"post_tag","embeddable":true,"href":"https:\/\/www.toque-musicall.com\/index.php?rest_route=%2Fwp%2Fv2%2Ftags&post=2918"}],"curies":[{"name":"wp","href":"https:\/\/api.w.org\/{rel}","templated":true}]}}