{"id":2922,"date":"2013-03-25T07:10:39","date_gmt":"2013-03-25T10:10:39","guid":{"rendered":"http:\/\/www.toque-musicall.com\/?p=2922"},"modified":"2013-03-25T07:12:59","modified_gmt":"2013-03-25T10:12:59","slug":"jacob-do-bandolim-3-selecao-78-rpm-do-toque-musical-vol-50-2013","status":"publish","type":"post","link":"https:\/\/www.toque-musicall.com\/?p=2922","title":{"rendered":"Jacob Do Bandolim 3 &#8211; Sele\u00e7\u00e3o 78 RPM Do Toque Musical &#8211; Vol 50 (2013)"},"content":{"rendered":"<p><img loading=\"lazy\" decoding=\"async\" class=\"aligncenter\" src=\"http:\/\/1.bp.blogspot.com\/-7mhu1s0S-ZE\/UVAhWJqaltI\/AAAAAAAAGFw\/pqH59TqYhYo\/s400\/CAPAP.JPG\" alt=\"\" width=\"400\" height=\"400\" \/><img loading=\"lazy\" decoding=\"async\" class=\"aligncenter\" src=\"http:\/\/4.bp.blogspot.com\/-laasPeZ4pOg\/UVAg-x8ZZxI\/AAAAAAAAGFo\/-PwrKF4iMJk\/s400\/CONTRACAPAP.JPG\" alt=\"\" width=\"400\" height=\"400\" \/><\/p>\n<div>\u00c9 com muita alegria que estamos de volta com o Grand Record Brazil, a divis\u00e3o de 78 rpm do TM, para alegria de nossos amigos cultos, ocultos e associados. E nesta quinquag\u00e9sima edi\u00e7\u00e3o, apresentamos a terceira parte desta retrospectiva de grava\u00e7\u00f5es do genial\u00edssimo Jacob do Bandolim, este que sem nenhuma d\u00favida foi um aut\u00eantico mestre das cordas. Todas as grava\u00e7\u00f5es, evidentemente, s\u00e3o da RCA Victor, feitas entre 1953 e 1955, do acervo do colecionador S\u00e9rgio Prata, a quem novamente agradecemos a cortesia. Em ordem de lan\u00e7amento, s\u00e3o estas as 13 joias que lhes apresentamos: para come\u00e7ar, o lado B do disco 80-1163 (faixa 11 de nossa sequ\u00eancia), o choro \u201cPardal embriagado\u201d, de Patroc\u00ednio Gomes, grava\u00e7\u00e3o de 14 de maio de 1953, lan\u00e7ada em julho seguinte, matriz BE3VB-0122. Em seguida, o disco 80-1214, gravado em 13 de agosto de 1953 e lan\u00e7ado em outubro seguinte: abrindo-o, matriz BE3VB-0235, o bai\u00e3o \u201cBrotinho\u201d, faixa 12 de nossa sequ\u00eancia, composto por nada mais nada menos que seu filho S\u00e9rgio Bittencourt, que seria tamb\u00e9m cantor e compositor (autor de cl\u00e1ssicos como \u201cEu quero\u201d, \u201cCan\u00e7\u00e3o a medo\u201d, \u201cModinha\u201d e, naturalmente, \u201cNaquela mesa\u201d, em homenagem p\u00f3stuma a seu pai), al\u00e9m de colunista de jornais e revistas. Jacob o executa ao vibraplex (instrumento que ele mesmo criou, um viol\u00e3o-tenor ligado a um \u00f3rg\u00e3o Hammond, que tinha som parecido com os dos atuais sintetizadores), e esta foi a primeira composi\u00e7\u00e3o gravada do filho S\u00e9rgio. No verso, matriz BE3VB-0236, uma primoros\u00edssima execu\u00e7\u00e3o de Jacob para a cl\u00e1ssica valsa \u201cRapaziada do Br\u00e1s\u201d, de Alberto Marino (faixa 13 de nossa sequ\u00eancia), que homenageia o bairro de S\u00e3o Paulo de mesmo nome, cuja popula\u00e7\u00e3o era basicamente de imigrantes italianos e seus descendentes. Surgida em 1926, na grava\u00e7\u00e3o dos irm\u00e3os saxofonistas Jota e O.Pizarro (quem seriam?), esta valsa teve maior repercuss\u00e3o a partir de 1932, nos registros dos Sextetos Piratininga e Bertorino Alma (anagrama do autor, Alberto Marino), e em 1960 ganhou letra do filho do autor, Alberto Marino Jr., gravada com \u00eaxito por Carlos Galhardo. Temos depois o frevo \u201cSai do caminho\u201d, do pr\u00f3prio Jacob, disco 80-1226-B, gravado em 10 de setembro de 1953 e lan\u00e7ado em novembro seguinte para a folia de 54, matriz BE3VB-0254 (faixa 8 de nossa sequ\u00eancia), no qual ele mostra a admira\u00e7\u00e3o que tinha pelo carnaval do Recife, embora n\u00e3o-foli\u00e3o. A mazurca \u201cVidinha boa\u201d, do pr\u00f3prio executante, faixa 9 desta sele\u00e7\u00e3o, foi gravada em 15 de fevereiro de 1954, com lan\u00e7amento em abril seguinte sob n\u00famero 80-1269-B, matriz BE4VB-0346. O samba-can\u00e7\u00e3o \u201cSanta morena\u201d, tamb\u00e9m de Jacob, e faixa 10 de nossa sequ\u00eancia, foi gravado pelo mestre em 13 de abril de 1954, com lan\u00e7amento em julho seguinte sob n\u00famero 80-1295-A, matriz BE4VB-0411. No verso, matriz BE4VB-0412, outra primorosa execu\u00e7\u00e3o ao vibraplex, a do samba-can\u00e7\u00e3o \u201cSaudade\u201d, composi\u00e7\u00e3o pr\u00f3pria do mestre e faixa 5 de nossa sequ\u00eancia. As faixas 6 e 7 s\u00e3o do disco seguinte, o RCA Victor 80-1344, gravado em 12 de julho de 1954 e lan\u00e7ado em setembro seguinte com dois choros do nosso pr\u00f3prio mestre: abrindo-o, matriz BE4VB-0503, \u201cBola preta\u201d, e, completando-o, matriz BE4VB-0504, \u201cSaliente\u201d, ambos bastante conhecidos e apreciados. Do disco 80-1390, gravado em 14 de setembro de 1954 e lan\u00e7ado em dezembro seguinte, apresentamos as duas faixas, que novamente demonstram o apre\u00e7o de Jacob pelo carnaval recifense, sendo evidentemente frevos: abrindo-o, \u201cToca pro pau\u201d, matriz BE4VB-0577 (faixa 4 de nossa sele\u00e7\u00e3o) e, completando-o, matriz BE4VB-0578, \u201cRua da Imperatriz\u201d (faixa 3), visando, claro, a folia pernambucana de 1955. Em seguida, primeira faixa da nossa sequ\u00eancia, o samba \u201cMeu segredo\u201d, grava\u00e7\u00e3o de 13 de janeiro de 1955 lan\u00e7ada em mar\u00e7o seguinte (80-1418-B, matriz BE5VB-0642). E encerrando cronologicamente nossa sele\u00e7\u00e3o, sendo na sequ\u00eancia a faixa 2, outro primoroso choro do pr\u00f3prio executante, \u201cBenzinho\u201d, grava\u00e7\u00e3o de 14 de mar\u00e7o de 1955, matriz BE5VB-0699, lan\u00e7ada em maio do mesmo ano sob n\u00famero 80-1434-A. Enfim, mais uma bela amostra do talento e da maestria deste m\u00e1gico das cordas que foi Jacob do Bandolim! Gostaria inclusive de dedicar esta nossa retrospectiva ao Daniel Soares, o SenhorDaVoz, meu colega de YouTube, grande admirador de Jacob do Bandolim e do choro, cujo canal l\u00e1 no YT pode ser visitado. L\u00e1 voc\u00ea vai encontrar v\u00eddeos com hits da MPB de v\u00e1rias \u00e9pocas, inclusive diversos registros do grande Jacob do Bandolim, de quem continuaremos este retrospecto. At\u00e9 l\u00e1!<\/div>\n<div><\/div>\n<div>* Texto de SAMUEL MACHADO FILHO<\/div>\n<div><\/div>\n","protected":false},"excerpt":{"rendered":"<p>\u00c9 com muita alegria que estamos de volta com o Grand Record Brazil, a divis\u00e3o de 78 rpm do TM, para alegria de nossos amigos cultos, ocultos e associados. E nesta quinquag\u00e9sima edi\u00e7\u00e3o, apresentamos a terceira parte desta retrospectiva de &hellip; <a href=\"https:\/\/www.toque-musicall.com\/?p=2922\">Continue lendo <span class=\"meta-nav\">&rarr;<\/span><\/a><\/p>\n","protected":false},"author":1,"featured_media":0,"comment_status":"open","ping_status":"closed","sticky":false,"template":"","format":"standard","meta":{"footnotes":""},"categories":[11,359,13],"tags":[],"class_list":["post-2922","post","type-post","status-publish","format-standard","hentry","category-exclusivos-do-toque-musical","category-jacob-do-bandolim","category-selo-grand-record-brazil"],"_links":{"self":[{"href":"https:\/\/www.toque-musicall.com\/index.php?rest_route=\/wp\/v2\/posts\/2922","targetHints":{"allow":["GET"]}}],"collection":[{"href":"https:\/\/www.toque-musicall.com\/index.php?rest_route=\/wp\/v2\/posts"}],"about":[{"href":"https:\/\/www.toque-musicall.com\/index.php?rest_route=\/wp\/v2\/types\/post"}],"author":[{"embeddable":true,"href":"https:\/\/www.toque-musicall.com\/index.php?rest_route=\/wp\/v2\/users\/1"}],"replies":[{"embeddable":true,"href":"https:\/\/www.toque-musicall.com\/index.php?rest_route=%2Fwp%2Fv2%2Fcomments&post=2922"}],"version-history":[{"count":3,"href":"https:\/\/www.toque-musicall.com\/index.php?rest_route=\/wp\/v2\/posts\/2922\/revisions"}],"predecessor-version":[{"id":2925,"href":"https:\/\/www.toque-musicall.com\/index.php?rest_route=\/wp\/v2\/posts\/2922\/revisions\/2925"}],"wp:attachment":[{"href":"https:\/\/www.toque-musicall.com\/index.php?rest_route=%2Fwp%2Fv2%2Fmedia&parent=2922"}],"wp:term":[{"taxonomy":"category","embeddable":true,"href":"https:\/\/www.toque-musicall.com\/index.php?rest_route=%2Fwp%2Fv2%2Fcategories&post=2922"},{"taxonomy":"post_tag","embeddable":true,"href":"https:\/\/www.toque-musicall.com\/index.php?rest_route=%2Fwp%2Fv2%2Ftags&post=2922"}],"curies":[{"name":"wp","href":"https:\/\/api.w.org\/{rel}","templated":true}]}}