{"id":2926,"date":"2013-03-26T08:22:04","date_gmt":"2013-03-26T11:22:04","guid":{"rendered":"http:\/\/www.toque-musicall.com\/?p=2926"},"modified":"2013-03-26T08:22:04","modified_gmt":"2013-03-26T11:22:04","slug":"carmen-silva-e-los-bronces-sabor-romantico-1981","status":"publish","type":"post","link":"https:\/\/www.toque-musicall.com\/?p=2926","title":{"rendered":"Carmen Silva E Los Bronces &#8211; Sabor Rom\u00e2ntico (1981)"},"content":{"rendered":"<p><img loading=\"lazy\" decoding=\"async\" class=\"aligncenter\" src=\"http:\/\/3.bp.blogspot.com\/-bAqX55UiUqI\/UVF35YiOaUI\/AAAAAAAAGGI\/WLyZN3cLDlA\/s400\/capa+p.JPG\" alt=\"\" width=\"400\" height=\"399\" \/><img loading=\"lazy\" decoding=\"async\" class=\"aligncenter\" src=\"http:\/\/2.bp.blogspot.com\/-ks9DJqxKIIU\/UVF308oe_LI\/AAAAAAAAGGA\/NS-VwbipWzM\/s400\/contra+p.JPG\" alt=\"\" width=\"397\" height=\"400\" \/><\/p>\n<p>Muito bom dia, amigos cultos e ocultos! Como sempre na correria, sem tempo nem para um caf\u00e9 descente, aqui vou logo cedo, dando o toque desta ter\u00e7a feira. Puxando dos meus &#8216;arquivos de gaveta&#8217;, no sorteio veio este para a alegria dos ultra rom\u00e2nticos, apaixonados por boleros. Curioso&#8230; \u00c0 medida em que a gente vai ficando mais velho, come\u00e7a a gostar daquelas coisas que antes chegavamos at\u00e9 a criticar. Eu, pessoalmente nesse sentido, sou um cara muito bem resolvido, escuto tudo sempre com outros olhos. Da\u00ed, vem o eclet\u00edsmo musical nacional do Toque Musical (putz, deu at\u00e9 rima!), hehehe&#8230;<br \/>\nOlha a\u00ed, vamos hoje com este lan\u00e7amento da RCA, trazendo a cantora Carmen Silva, acompanhada pelo trio Los Bronces, do produtor, maestro e compositor argentino, Pepe Avila. Neste \u00e1lbum, por sinal\u00a0muito bem produzido, temos uma sele\u00e7\u00e3o de boleros famosos, como uma interpreta\u00e7\u00e3o impec\u00e1vel de Carmen. Eu confesso que pouca coisa conhe\u00e7o desta cantora, mas entre os discos dela que j\u00e1 ouvi, este foi o que me pareceu melhor. Nada como um bom produtor e uma boa gravadora para elevar um artista. \u00c9 nesse momento que a gente v\u00ea a capacidade do artista. Bom, estou dizendo isso de uma produ\u00e7\u00e3o fonogr\u00e1fica que existiu at\u00e9 a d\u00e9cada de 80. Depois disso, tudo ficou mais f\u00e1cil e ordin\u00e1rio (com raras exce\u00e7\u00f5es!)<\/p>\n<div style=\"text-align: center;\">o dia que me queiras<\/div>\n<div style=\"text-align: center;\">nunca jamas<\/div>\n<div style=\"text-align: center;\">vem perto de mim<\/div>\n<div style=\"text-align: center;\">sabor a mim<\/div>\n<div style=\"text-align: center;\">contigo na dist\u00e2ncia<\/div>\n<div style=\"text-align: center;\">estou perdendo a cabe\u00e7a por voc\u00ea<\/div>\n<div style=\"text-align: center;\">contigo<\/div>\n<div style=\"text-align: center;\">contigo aprendi<\/div>\n<div style=\"text-align: center;\">sejas bem feliz<\/div>\n<div style=\"text-align: center;\">onde est\u00e1s cora\u00e7\u00e3o<\/div>\n<div style=\"text-align: center;\">ang\u00fastia<\/div>\n<div style=\"text-align: center;\">uma aventura a mais<\/div>\n<div style=\"text-align: center;\"><\/div>\n<div style=\"text-align: center;\"><\/div>\n","protected":false},"excerpt":{"rendered":"<p>Muito bom dia, amigos cultos e ocultos! Como sempre na correria, sem tempo nem para um caf\u00e9 descente, aqui vou logo cedo, dando o toque desta ter\u00e7a feira. Puxando dos meus &#8216;arquivos de gaveta&#8217;, no sorteio veio este para a &hellip; <a href=\"https:\/\/www.toque-musicall.com\/?p=2926\">Continue lendo <span class=\"meta-nav\">&rarr;<\/span><\/a><\/p>\n","protected":false},"author":1,"featured_media":0,"comment_status":"open","ping_status":"closed","sticky":false,"template":"","format":"standard","meta":{"footnotes":""},"categories":[2120,615],"tags":[],"class_list":["post-2926","post","type-post","status-publish","format-standard","hentry","category-carmem-silva","category-selo-rca-vik"],"_links":{"self":[{"href":"https:\/\/www.toque-musicall.com\/index.php?rest_route=\/wp\/v2\/posts\/2926","targetHints":{"allow":["GET"]}}],"collection":[{"href":"https:\/\/www.toque-musicall.com\/index.php?rest_route=\/wp\/v2\/posts"}],"about":[{"href":"https:\/\/www.toque-musicall.com\/index.php?rest_route=\/wp\/v2\/types\/post"}],"author":[{"embeddable":true,"href":"https:\/\/www.toque-musicall.com\/index.php?rest_route=\/wp\/v2\/users\/1"}],"replies":[{"embeddable":true,"href":"https:\/\/www.toque-musicall.com\/index.php?rest_route=%2Fwp%2Fv2%2Fcomments&post=2926"}],"version-history":[{"count":1,"href":"https:\/\/www.toque-musicall.com\/index.php?rest_route=\/wp\/v2\/posts\/2926\/revisions"}],"predecessor-version":[{"id":2927,"href":"https:\/\/www.toque-musicall.com\/index.php?rest_route=\/wp\/v2\/posts\/2926\/revisions\/2927"}],"wp:attachment":[{"href":"https:\/\/www.toque-musicall.com\/index.php?rest_route=%2Fwp%2Fv2%2Fmedia&parent=2926"}],"wp:term":[{"taxonomy":"category","embeddable":true,"href":"https:\/\/www.toque-musicall.com\/index.php?rest_route=%2Fwp%2Fv2%2Fcategories&post=2926"},{"taxonomy":"post_tag","embeddable":true,"href":"https:\/\/www.toque-musicall.com\/index.php?rest_route=%2Fwp%2Fv2%2Ftags&post=2926"}],"curies":[{"name":"wp","href":"https:\/\/api.w.org\/{rel}","templated":true}]}}