{"id":2936,"date":"2013-03-29T10:32:42","date_gmt":"2013-03-29T13:32:42","guid":{"rendered":"http:\/\/www.toque-musicall.com\/?p=2936"},"modified":"2013-03-29T10:34:22","modified_gmt":"2013-03-29T13:34:22","slug":"caludette-soares-a-dona-da-bossa-1987","status":"publish","type":"post","link":"https:\/\/www.toque-musicall.com\/?p=2936","title":{"rendered":"Claudette Soares &#8211; A Dona Da Bossa (1987)"},"content":{"rendered":"<p><img loading=\"lazy\" decoding=\"async\" class=\"aligncenter\" src=\"http:\/\/2.bp.blogspot.com\/-3ChfpAD3PUI\/UVWLF41rdbI\/AAAAAAAAGHY\/gsHASCUpuW8\/s400\/capa+p.JPG\" alt=\"\" width=\"400\" height=\"398\" \/><img loading=\"lazy\" decoding=\"async\" class=\"aligncenter\" src=\"http:\/\/3.bp.blogspot.com\/-5X3Znz3Vac0\/UVWK_7WH8QI\/AAAAAAAAGHQ\/kntqDn1t6lI\/s400\/claudette-soares-c3a9-dona-da-bossa.jpg\" alt=\"\" width=\"396\" height=\"400\" \/><img loading=\"lazy\" decoding=\"async\" class=\"aligncenter\" src=\"http:\/\/3.bp.blogspot.com\/--FQcGU8on8A\/UVWK5fUxU3I\/AAAAAAAAGHI\/0I1LMbetdsU\/s400\/contracapap.JPG\" alt=\"\" width=\"399\" height=\"400\" \/><\/p>\n<div>Bom dia, amigos cultos e ocultos! Geralmente, quando estou fazendo alguma postagem, tenho sempre ao meu lado alguns &#8216;c\u00famprices-cr\u00edticos&#8217; dando seus &#8216;pitacos&#8217;, antes mesmo de ver a coisa publicada. Nessa semana j\u00e1 criticaram (em tom de goza\u00e7\u00e3o) o fato de eu estar postando um disco da cantora Carmen Silva. Gritaram da cozinha: &#8220;olha o p\u00fablico!&#8221; Cara\u00ed.., parece at\u00e9 que n\u00e3o conhecem o Augusto aqui e seu Toque Musical! Muito menos a m\u00e1xima: &#8220;Um lugar para se ouvir m\u00fasica com outros olhos&#8221;. Agora, ouvi l\u00e1 da sala a mesma voz dizendo (tamb\u00e9m em tom de goza\u00e7\u00e3o): &#8220;a\u00ed, heim? se redimindo&#8230;&#8221; Sinceramente, essa eu n\u00e3o entendi&#8230;<br \/>\nBom, vamos toque&#8230; hoje eu trago para voc\u00eas a cantora Claudette Soares em seu primeiro lp. Na verdade, trata-se de um relan\u00e7amento feito nos anos 80 atrav\u00e9s do selo Imagem, do lend\u00e1rio Garoto da Lua, Jonas Silva. Como j\u00e1 disse, em outra ocasi\u00e3o, Jonas criou esse selo para lan\u00e7ar, em especial artistas e discos de jazz. Relan\u00e7ou diversos \u00e1lbuns, alguns inclusive nunca tiveram antes lan\u00e7amento no Brasil. Na d\u00e9cada de 80 ele relan\u00e7ou entre outros este que foi o primeiro lp gravado pela cantora Claudette Soares. O \u00e1lbum originalmente saiu\u00a0em 1964\u00a0pelo selo pernambucano Mocambo, gravadora a qual Jonas tamb\u00e9m trabalhou como produtor musical. O lp saiu com uma capa diferente, com a foto recortada e sem o t\u00edtulo original. Ao que parece este relan\u00e7amento foi bem oportuno, pois veio numa fase de ostracismo da cantora e resgatava um de seus mais belos trabalhos. Aqui encontraremos um repert\u00f3rio essencialmente de bossa nova e para \u00e9poca, da melhor qualidade. Quem ainda n\u00e3o ouviu, fa\u00e7a-me o favor&#8230;<\/p>\n<div style=\"text-align: center;\">pra que chorar<\/div>\n<div style=\"text-align: center;\">azul contente<\/div>\n<div style=\"text-align: center;\">samba do avi\u00e3o<\/div>\n<div style=\"text-align: center;\">sem voc\u00ea<\/div>\n<div style=\"text-align: center;\">ah, se eu pudesse<\/div>\n<div style=\"text-align: center;\">tristeza de n\u00f3s dois<\/div>\n<div style=\"text-align: center;\">garota de ipanema<\/div>\n<div style=\"text-align: center;\">samba s\u00f3<\/div>\n<div style=\"text-align: center;\">credi\u00e1rio do amor<\/div>\n<div style=\"text-align: center;\">bossa na praia<\/div>\n<div style=\"text-align: center;\">evolu\u00e7\u00e3o<\/div>\n<div style=\"text-align: center;\">conselho a quem quiser voltar<\/div>\n<div style=\"text-align: center;\"><\/div>\n<div><\/div>\n<\/div>\n<div><\/div>\n","protected":false},"excerpt":{"rendered":"<p>Bom dia, amigos cultos e ocultos! Geralmente, quando estou fazendo alguma postagem, tenho sempre ao meu lado alguns &#8216;c\u00famprices-cr\u00edticos&#8217; dando seus &#8216;pitacos&#8217;, antes mesmo de ver a coisa publicada. Nessa semana j\u00e1 criticaram (em tom de goza\u00e7\u00e3o) o fato de &hellip; <a href=\"https:\/\/www.toque-musicall.com\/?p=2936\">Continue lendo <span class=\"meta-nav\">&rarr;<\/span><\/a><\/p>\n","protected":false},"author":1,"featured_media":0,"comment_status":"open","ping_status":"closed","sticky":false,"template":"","format":"standard","meta":{"footnotes":""},"categories":[49,129,184],"tags":[],"class_list":["post-2936","post","type-post","status-publish","format-standard","hentry","category-claudette-soares","category-selo-imagem","category-selo-mocambo"],"_links":{"self":[{"href":"https:\/\/www.toque-musicall.com\/index.php?rest_route=\/wp\/v2\/posts\/2936","targetHints":{"allow":["GET"]}}],"collection":[{"href":"https:\/\/www.toque-musicall.com\/index.php?rest_route=\/wp\/v2\/posts"}],"about":[{"href":"https:\/\/www.toque-musicall.com\/index.php?rest_route=\/wp\/v2\/types\/post"}],"author":[{"embeddable":true,"href":"https:\/\/www.toque-musicall.com\/index.php?rest_route=\/wp\/v2\/users\/1"}],"replies":[{"embeddable":true,"href":"https:\/\/www.toque-musicall.com\/index.php?rest_route=%2Fwp%2Fv2%2Fcomments&post=2936"}],"version-history":[{"count":4,"href":"https:\/\/www.toque-musicall.com\/index.php?rest_route=\/wp\/v2\/posts\/2936\/revisions"}],"predecessor-version":[{"id":2940,"href":"https:\/\/www.toque-musicall.com\/index.php?rest_route=\/wp\/v2\/posts\/2936\/revisions\/2940"}],"wp:attachment":[{"href":"https:\/\/www.toque-musicall.com\/index.php?rest_route=%2Fwp%2Fv2%2Fmedia&parent=2936"}],"wp:term":[{"taxonomy":"category","embeddable":true,"href":"https:\/\/www.toque-musicall.com\/index.php?rest_route=%2Fwp%2Fv2%2Fcategories&post=2936"},{"taxonomy":"post_tag","embeddable":true,"href":"https:\/\/www.toque-musicall.com\/index.php?rest_route=%2Fwp%2Fv2%2Ftags&post=2936"}],"curies":[{"name":"wp","href":"https:\/\/api.w.org\/{rel}","templated":true}]}}