{"id":2943,"date":"2013-03-31T12:04:49","date_gmt":"2013-03-31T15:04:49","guid":{"rendered":"http:\/\/www.toque-musicall.com\/?p=2943"},"modified":"2013-03-31T12:04:49","modified_gmt":"2013-03-31T15:04:49","slug":"angela-maria-quando-os-maestros-se-encontram-com-angela-maria-1957","status":"publish","type":"post","link":"https:\/\/www.toque-musicall.com\/?p=2943","title":{"rendered":"Angela Maria  &#8211; Quando Os Maestros Se Encontram Com Angela Maria (1957)"},"content":{"rendered":"<p><img loading=\"lazy\" decoding=\"async\" class=\"aligncenter\" src=\"http:\/\/3.bp.blogspot.com\/-Ox99JbUlwe4\/UVg-4ACSjUI\/AAAAAAAAGII\/BbPPGqi9mq8\/s400\/capaP.JPG\" alt=\"\" width=\"396\" height=\"400\" \/><img loading=\"lazy\" decoding=\"async\" class=\"aligncenter\" src=\"http:\/\/4.bp.blogspot.com\/-YYBtGzHg22Y\/UVg-zufY6SI\/AAAAAAAAGIA\/Dl-X1OlAXFQ\/s400\/contraP.JPG\" alt=\"\" width=\"400\" height=\"392\" \/><\/p>\n<div>Bom dia, amigos cultos e ocultos! Bom dia e boa P\u00e1scoa, \u00e9 claro! O dia n\u00e3o est\u00e1 l\u00e1 uma beleza, o c\u00e9u est\u00e1 fechado e S\u00e3o Pedro logo vai mandar aquela ducha para melar de vez o domingo. Mas quem tem em casa um bom chocolate, pode ficar na boa, comendo ovos de P\u00e1scoa&#8230; naquele laric\u00e3o&#8230; Melhor ainda quando se pode tamb\u00e9m ouvir uma boa m\u00fasica. Eu como sempre, bem acompanhado, posso me dar ao luxo de escolher a vontade \ud83d\ude42 Escolher para mim, e para voc\u00eas tamb\u00e9m. Hoje eu vou ficar aqui ouvindo s\u00f3 Jards Macal\u00e9 e Paulo Vanzolini. Pensei at\u00e9 em postar algum disco de um desses artistas, mas como ainda estou no embalo e promessa de trazer cantoras, vamos dar sequ\u00eancia&#8230;<br \/>\nSeparei para hoje este raro \u00e1lbum da cantora Angela Maria, um disco que podemos considerar hist\u00f3rico dentro do mundo fonogr\u00e1fico. Foi um dos primeiros discos de 12 polegas lan\u00e7ado pela gravadora Copacabana. Foi uma superprodu\u00e7\u00e3o, um dos discos mais caros a ser realizados naquela \u00e9poca. Isso por conta da ousadia de seus produtores em fazer um disco onde foram escalados oito grandes maestros e suas orquestras para acompanharem Angela Maria. O disco se divide em oito faixas, trazendo um repert\u00f3rio fino, que agrada em cheio e para um p\u00fablico al\u00e9m de tietes da cantora. \u00c9 interessante notar como cada m\u00fasica se torna especial, com caracter\u00edsticas pr\u00f3prias, sob os arranjos e reg\u00eancias dos mestres Gabriel Migliori; Guaran\u00e1; L\u00e9o Peracchi; Gaya; Lyrio Panicalli; Renato de Oliveria; Severino Ara\u00fajo e Sylvio Mazzucca. N\u00e3o deixem de conferir. Coment\u00e1rios tamb\u00e9m s\u00e3o bem vindos \ud83d\ude09<\/p>\n<div style=\"text-align: center;\">dora &#8211; com severino ara\u00fajo<\/div>\n<div style=\"text-align: center;\">aos p\u00e9s da cruz &#8211; com lindolph gaya<\/div>\n<div style=\"text-align: center;\">adeus &#8211; com renato de oliveira<\/div>\n<div style=\"text-align: center;\">saia do caminho &#8211; com l\u00e9o peracchi<\/div>\n<div style=\"text-align: center;\">carinhoso &#8211; com lyrio panicalli<\/div>\n<div style=\"text-align: center;\">promessa &#8211; com gabriel migliori<\/div>\n<div style=\"text-align: center;\">caminhemos &#8211; com gustavo de carvalho (guaran\u00e1)<\/div>\n<div style=\"text-align: center;\">canta brasil &#8211; com sylvio mazzucca<\/div>\n<div style=\"text-align: center;\"><\/div>\n<div style=\"text-align: center;\"><\/div>\n<\/div>\n<div style=\"text-align: center;\"><\/div>\n","protected":false},"excerpt":{"rendered":"<p>Bom dia, amigos cultos e ocultos! Bom dia e boa P\u00e1scoa, \u00e9 claro! O dia n\u00e3o est\u00e1 l\u00e1 uma beleza, o c\u00e9u est\u00e1 fechado e S\u00e3o Pedro logo vai mandar aquela ducha para melar de vez o domingo. Mas quem &hellip; <a href=\"https:\/\/www.toque-musicall.com\/?p=2943\">Continue lendo <span class=\"meta-nav\">&rarr;<\/span><\/a><\/p>\n","protected":false},"author":1,"featured_media":0,"comment_status":"open","ping_status":"closed","sticky":false,"template":"","format":"standard","meta":{"footnotes":""},"categories":[199,2122,1184,450,2050,387,516,152,499,513],"tags":[],"class_list":["post-2943","post","type-post","status-publish","format-standard","hentry","category-angela-maria","category-gabriel-migliori","category-guarana-e-sua-orquestra","category-leo-peracchi","category-lindolpho-gaya","category-lyrio-panicali","category-renato-de-oliveira-e-sua-orquestra","category-selo-copacabana","category-severino-araujo-e-orquestra-tabajara","category-sylvio-mazzucca"],"_links":{"self":[{"href":"https:\/\/www.toque-musicall.com\/index.php?rest_route=\/wp\/v2\/posts\/2943","targetHints":{"allow":["GET"]}}],"collection":[{"href":"https:\/\/www.toque-musicall.com\/index.php?rest_route=\/wp\/v2\/posts"}],"about":[{"href":"https:\/\/www.toque-musicall.com\/index.php?rest_route=\/wp\/v2\/types\/post"}],"author":[{"embeddable":true,"href":"https:\/\/www.toque-musicall.com\/index.php?rest_route=\/wp\/v2\/users\/1"}],"replies":[{"embeddable":true,"href":"https:\/\/www.toque-musicall.com\/index.php?rest_route=%2Fwp%2Fv2%2Fcomments&post=2943"}],"version-history":[{"count":2,"href":"https:\/\/www.toque-musicall.com\/index.php?rest_route=\/wp\/v2\/posts\/2943\/revisions"}],"predecessor-version":[{"id":2945,"href":"https:\/\/www.toque-musicall.com\/index.php?rest_route=\/wp\/v2\/posts\/2943\/revisions\/2945"}],"wp:attachment":[{"href":"https:\/\/www.toque-musicall.com\/index.php?rest_route=%2Fwp%2Fv2%2Fmedia&parent=2943"}],"wp:term":[{"taxonomy":"category","embeddable":true,"href":"https:\/\/www.toque-musicall.com\/index.php?rest_route=%2Fwp%2Fv2%2Fcategories&post=2943"},{"taxonomy":"post_tag","embeddable":true,"href":"https:\/\/www.toque-musicall.com\/index.php?rest_route=%2Fwp%2Fv2%2Ftags&post=2943"}],"curies":[{"name":"wp","href":"https:\/\/api.w.org\/{rel}","templated":true}]}}