{"id":295,"date":"2011-09-28T17:48:00","date_gmt":"2011-09-28T17:48:00","guid":{"rendered":"http:\/\/www.toque-musicall.com\/?p=295"},"modified":"2011-09-28T17:48:00","modified_gmt":"2011-09-28T17:48:00","slug":"morgana-com-renato-de-oliveira-e-sua-orquestra-1960","status":"publish","type":"post","link":"https:\/\/www.toque-musicall.com\/?p=295","title":{"rendered":"Morgana Com Renato De Oliveira E Sua Orquestra (1960)"},"content":{"rendered":"<p><a href=\"http:\/\/1.bp.blogspot.com\/-YgTsGaba_yE\/ToN0BDdnI-I\/AAAAAAAAAaI\/c-sHtrI8Qak\/s1600\/morgana+P.JPG\"><img decoding=\"async\" style=\"display: block; margin: 0px auto 10px; text-align: center; cursor: pointer; width: 400px; height: 400px;\" src=\"http:\/\/1.bp.blogspot.com\/-YgTsGaba_yE\/ToN0BDdnI-I\/AAAAAAAAAaI\/c-sHtrI8Qak\/s400\/morgana+P.JPG\" alt=\"\" id=\"BLOGGER_PHOTO_ID_5657493118365672418\" border=\"0\" \/><\/a>Boa tarde a todos! Aviso aos amigos cultos, parceiros e colegas blogueiros que devido as altera\u00e7\u00f5es aqui no Toque Musical, os links para os blogs e sites est\u00e3o sendo recolocados aos poucos e na medida em que eu vou me lembrando. \u00c9 bem poss\u00edvel que eu esque\u00e7a de alguns, por isso, pe\u00e7o a voc\u00eas que me envie seus respectivos endere\u00e7os.<br \/>Para encher de \u00e1gua a boca de muitos por aqui, hoje estou trazendo mais um disco da cantora Morgana. Ta\u00ed um \u00e1lbum que eu ainda n\u00e3o vi &#8216;nas bocas&#8217;. Que eu saiba ou tenha visto, nenhum outro blog ainda o postou. T\u00e1 pra n\u00f3s ent\u00e3o&#8230; Lan\u00e7ado em 1960 pela Copacabana, este disco foi gravado numa sentada s\u00f3. Quer dizer, depois de tudo pronto (repert\u00f3rio, arranjos e m\u00fasicos da orquestra) o Maestro Renato de Oliveira s\u00f3 precisou esperar algumas horas a chegada da cantora que se atrasou porque tinha de dar de mamar ao filhote rec\u00e9m nascido. Segundo nos conta a jornalista Lenita Miranda, no texto de contracapa, eles passaram toda a noite e madrugada gravando, at\u00e9 amanhecer o dia.<br \/>Neste \u00e1lbum podemos encontrar um repert\u00f3rio fino, com m\u00fasicas de Dolores Duran, Fernando Cezar, Tito Madi, Edson Borges, Vera Brasil e outros. Realmente muito bacana. Para embelezar ainda mais a coisa, temos esta bel\u00edssima capa, onde a fada loira parece mais ser uma morena. Bela foto (e sem cr\u00e9dito!). Na verdade, a Morgana era loira, mas a Isolda morena.<br \/>Morgana se chamava, na verdade, Isolda Corr\u00eaa Dias. N\u00e3o sei se j\u00e1 comentei isso em <a href=\"http:\/\/toque-musical.blogspot.com\/search\/label\/Morgana\">outras postagens de discos da cantora<\/a> (e nem vou verificar), mas a Morgana era antes uma cantora l\u00edrica. Como cantora de m\u00fasica popular ela foi sucesso e contam tamb\u00e9m que ela abandonou a carreira quando estava no auge, trocando a m\u00fasica por uma pizzaria. O fim desta cantora foi muito triste. Com um tiro na boca, tentou tirar a pr\u00f3pria vida. Foi socorrida, mas ainda no hospital, num momento de consci\u00eancia, arrancou todos os tubos e fios que a mantinha viva. Faleceu ali mesmo no hospital.<\/p>\n<div style=\"text-align: center;\">tome continha de voc\u00ea<br \/>encontrei o amor<br \/>a rosa<br \/>carinho e amor<br \/>leva-me contigo<br \/>sonata sem luar<br \/>menina mo\u00e7a<br \/>falar por falar<br \/>segredo para dois<br \/>s\u00f3 falta aqui voc\u00ea<br \/>a flor<br \/>elegia ao viol\u00e3o<\/p>\n<\/div>\n","protected":false},"excerpt":{"rendered":"<p>Boa tarde a todos! Aviso aos amigos cultos, parceiros e colegas blogueiros que devido as altera\u00e7\u00f5es aqui no Toque Musical, os links para os blogs e sites est\u00e3o sendo recolocados aos poucos e na medida em que eu vou me &hellip; <a href=\"https:\/\/www.toque-musicall.com\/?p=295\">Continue lendo <span class=\"meta-nav\">&rarr;<\/span><\/a><\/p>\n","protected":false},"author":1,"featured_media":0,"comment_status":"open","ping_status":"closed","sticky":false,"template":"","format":"standard","meta":{"footnotes":""},"categories":[215,516,152],"tags":[],"class_list":["post-295","post","type-post","status-publish","format-standard","hentry","category-morgana","category-renato-de-oliveira-e-sua-orquestra","category-selo-copacabana"],"_links":{"self":[{"href":"https:\/\/www.toque-musicall.com\/index.php?rest_route=\/wp\/v2\/posts\/295","targetHints":{"allow":["GET"]}}],"collection":[{"href":"https:\/\/www.toque-musicall.com\/index.php?rest_route=\/wp\/v2\/posts"}],"about":[{"href":"https:\/\/www.toque-musicall.com\/index.php?rest_route=\/wp\/v2\/types\/post"}],"author":[{"embeddable":true,"href":"https:\/\/www.toque-musicall.com\/index.php?rest_route=\/wp\/v2\/users\/1"}],"replies":[{"embeddable":true,"href":"https:\/\/www.toque-musicall.com\/index.php?rest_route=%2Fwp%2Fv2%2Fcomments&post=295"}],"version-history":[{"count":0,"href":"https:\/\/www.toque-musicall.com\/index.php?rest_route=\/wp\/v2\/posts\/295\/revisions"}],"wp:attachment":[{"href":"https:\/\/www.toque-musicall.com\/index.php?rest_route=%2Fwp%2Fv2%2Fmedia&parent=295"}],"wp:term":[{"taxonomy":"category","embeddable":true,"href":"https:\/\/www.toque-musicall.com\/index.php?rest_route=%2Fwp%2Fv2%2Fcategories&post=295"},{"taxonomy":"post_tag","embeddable":true,"href":"https:\/\/www.toque-musicall.com\/index.php?rest_route=%2Fwp%2Fv2%2Ftags&post=295"}],"curies":[{"name":"wp","href":"https:\/\/api.w.org\/{rel}","templated":true}]}}