{"id":296,"date":"2011-09-27T10:06:00","date_gmt":"2011-09-27T10:06:00","guid":{"rendered":"http:\/\/www.toque-musicall.com\/?p=296"},"modified":"2011-09-27T10:06:00","modified_gmt":"2011-09-27T10:06:00","slug":"mestres-do-barroco-mineiro-196","status":"publish","type":"post","link":"https:\/\/www.toque-musicall.com\/?p=296","title":{"rendered":"Mestres Do Barroco Mineiro (196?)"},"content":{"rendered":"<p><span><a href=\"http:\/\/4.bp.blogspot.com\/-tEgcI7EfsBI\/ToGggp6630I\/AAAAAAAAAaA\/p2WdxkOZeqk\/s1600\/mestres+P.JPG\"><img decoding=\"async\" style=\"display: block; margin: 0px auto 10px; text-align: center; cursor: pointer; width: 400px; height: 395px;\" src=\"http:\/\/4.bp.blogspot.com\/-tEgcI7EfsBI\/ToGggp6630I\/AAAAAAAAAaA\/p2WdxkOZeqk\/s400\/mestres+P.JPG\" alt=\"\" id=\"BLOGGER_PHOTO_ID_5656979089823293250\" border=\"0\" \/><\/a>Boa tarde, amigos cl\u00e1ssicos e eruditos! Ah, viu s\u00f3? Hoje eu mudei a chamada, afinal as ter\u00e7as feiras tem sido de interesse mais daqueles que apreciam a m\u00fasica erudita, creio eu. Acho importante valorizarmos tamb\u00e9m a m\u00fasica dos grandes mestres, trazer \u00e0 luz nomes e obras de autores que muitas vezes ficam limitados a pequenos concertos ou direcionado a um p\u00fablico espec\u00edfico. Tenho para mim, como teoria, que n\u00e3o \u00e9 o pov\u00e3o quem n\u00e3o gosta de m\u00fasica cl\u00e1ssica\/erutita. No meu entendimento, o que faltou foi a educa\u00e7\u00e3o musical. Infelizmente, no Brasil, n\u00e3o existe essa preocupa\u00e7\u00e3o no ensino da m\u00fasica. Quando falo assim, me refiro n\u00e3o \u00e0 necessidade de que todos aprendam a tocar instrumentos musicais e saiam tocando por a\u00ed, mas sim de que fosse dado ao povo subs\u00eddios para um conhecimento musical b\u00e1sico e hist\u00f3rico. A M\u00fasica deveria ser uma mat\u00e9ria t\u00e3o importante quanto a Matem\u00e1tica ou o Portugu\u00eas. Bem porqu\u00ea, atrav\u00e9s da m\u00fasica tamb\u00e9m se aprende matem\u00e1tica ou se afina o portugu\u00eas. A m\u00fasica e as artes, num geral, precisam ser (mais) inseridas no contexto educacional, da mesma forma que no social. &#8220;Rock In Rio&#8221; \u00e9 um espet\u00e1culo, mas n\u00e3o oferece nada al\u00e9m do que foi proposto, divers\u00e3o&#8230; Acho que ainda falta a arte. E arte n\u00e3o \u00e9 s\u00f3 divers\u00e3o, \u00e9 tamb\u00e9m coisa s\u00e9ria e pensada. Acho que nos falta \u00e9 isso, uma coisa mais pensada. Voltada n\u00e3o para nichos espec\u00edficos, mas aberto e a todos. Enquanto houver a cren\u00e7a de que o <\/span> poder <span>se faz com <\/span>controle <span> e reten\u00e7\u00e3o do conhecimento, a sociedade humana continuar\u00e1 em conflitos. Os carentes, embrutecidos, continuar\u00e3o revoltados e rebelados contra aquilo que os limita e sem saberem realmente como e o que lhes faltam. <\/span><\/p>\n<div>Tivesse tido eu uma melhor educa\u00e7\u00e3o musical, estaria aqui agora descrevendo e discursando as qualidades deste belo e raro lp de uma outra forma. Talvez, quem sabe, nem fosse preciso estar aqui. Talvez n\u00e3o precisaria de blogs como este. Ser\u00edamos educados o suficiente para mantermos uma conduta como os americanos, europeus ou japoneses, respeitando regras e leis. Mas, fazer o qu\u00ea quando o nosso \u00fanico recurso para sair da lama \u00e9 o nosso pr\u00f3prio esfor\u00e7o?<\/div>\n<div>Putz, acho que viajei nas minhas divaga\u00e7\u00f5es&#8230; melhor falarmos do disco&#8230;<\/div>\n<div>Eis ent\u00e3o &#8220;Mestres do Barroco Mineiro&#8221;, um bel\u00edssimo e raro lp lan\u00e7ado por Irineu Garcia e seu selo Festa. Nele encontramos obras do repert\u00f3rio sacro mineiro, no per\u00edodo \u00e1ureo da minera\u00e7\u00e3o (Sec. XVIII), recolhidas pelo music\u00f3logo Curt Lange, sob os ausp\u00edcios de Cl\u00f3vis Salgado, ent\u00e3o Governador de Minas Gerais. Curt Lange reuniu um conjunto de documentos important\u00edssimos da m\u00fasica brasileira, principalmente a reconstitui\u00e7\u00e3o de uma s\u00e9rie de obras de cunho religioso, produzidas por compositores mineiros. Jos\u00e9 Joaquim Em\u00e9rico Lobo de Mesquita, Marcos Coelho Netto, Francisco Gomes da Rocha e Ign\u00e1cio Parreira Neves, foram esses compositores e tiveram suas obras apresentadas na Europa, na Argentina e, claro, no Brasil. Segundo nos conta o texto de contracapa, esta grava\u00e7\u00e3o que gerou o disco foi feita em 1958, por ocasi\u00e3o do &#8220;Festival de M\u00fasica Religiosa de Minas Gerais, realizado no Rio de Janeiro pela Associa\u00e7\u00e3o de Canto Coral e Orquestra Sinf\u00f4nica Brasileira, sob a reg\u00eancia do Maestro Edoardo De Guarnieri.<\/div>\n<div>Este \u00e1lbum, embora n\u00e3o apresente data, eu suponho que tenha sido lan\u00e7ado na primeira metade dos anos 60. Foi o segundo volume, como consta na capa. Por\u00e9m eu n\u00e3o consegui saber sdo primeiro e nem ficou claro se havia outros volumes. O selo Festa durou at\u00e9 o ano de 1967 e pelo jeit\u00e3o do disco e seu n\u00famero de s\u00e9rie, com certeza, deve ser um dos \u00faltimos. <\/div>\n<div>No final dos anos 90, a artista pl\u00e1stica Gracita Garcia Bueno, sobrinha de Irineu Garcia, conseguiu resgatar uma boa parte do acervo do selo Festa que estavam mofado nos arquivos da Polygram. Com muito esfor\u00e7o ela conseguiu trazer de volta, em vers\u00e3o cd, alguns dos mais importantes t\u00edtulos lan\u00e7ados na \u00e9poca pelo selo.  Quem conhece um pouco do cat\u00e1logo criado por Irineu sabe que s\u00e3o j\u00f3ias raras, m\u00fasica e poesia, o melhor do Brasil.<\/div>\n<div><\/div>\n<div style=\"text-align: center;\">antifona de nossa senhora &#8211; jos\u00e9 joaquim em\u00e9rico lobo<br \/>credo &#8211; ign\u00e1cio parreira neves<br \/>maria mater gratiae &#8211; marcos coelho neto<\/div>\n<div>\n<div style=\"text-align: center;\">novena de nossa senhora do pilar &#8211; francisco gomes da rocha<\/p>\n<p><\/div>\n<p><\/div>\n","protected":false},"excerpt":{"rendered":"<p>Boa tarde, amigos cl\u00e1ssicos e eruditos! Ah, viu s\u00f3? Hoje eu mudei a chamada, afinal as ter\u00e7as feiras tem sido de interesse mais daqueles que apreciam a m\u00fasica erudita, creio eu. Acho importante valorizarmos tamb\u00e9m a m\u00fasica dos grandes mestres, &hellip; <a href=\"https:\/\/www.toque-musicall.com\/?p=296\">Continue lendo <span class=\"meta-nav\">&rarr;<\/span><\/a><\/p>\n","protected":false},"author":1,"featured_media":0,"comment_status":"open","ping_status":"closed","sticky":false,"template":"","format":"standard","meta":{"footnotes":""},"categories":[518,517],"tags":[],"class_list":["post-296","post","type-post","status-publish","format-standard","hentry","category-mestres-do-barroco-mineiro","category-selo-festa"],"_links":{"self":[{"href":"https:\/\/www.toque-musicall.com\/index.php?rest_route=\/wp\/v2\/posts\/296","targetHints":{"allow":["GET"]}}],"collection":[{"href":"https:\/\/www.toque-musicall.com\/index.php?rest_route=\/wp\/v2\/posts"}],"about":[{"href":"https:\/\/www.toque-musicall.com\/index.php?rest_route=\/wp\/v2\/types\/post"}],"author":[{"embeddable":true,"href":"https:\/\/www.toque-musicall.com\/index.php?rest_route=\/wp\/v2\/users\/1"}],"replies":[{"embeddable":true,"href":"https:\/\/www.toque-musicall.com\/index.php?rest_route=%2Fwp%2Fv2%2Fcomments&post=296"}],"version-history":[{"count":0,"href":"https:\/\/www.toque-musicall.com\/index.php?rest_route=\/wp\/v2\/posts\/296\/revisions"}],"wp:attachment":[{"href":"https:\/\/www.toque-musicall.com\/index.php?rest_route=%2Fwp%2Fv2%2Fmedia&parent=296"}],"wp:term":[{"taxonomy":"category","embeddable":true,"href":"https:\/\/www.toque-musicall.com\/index.php?rest_route=%2Fwp%2Fv2%2Fcategories&post=296"},{"taxonomy":"post_tag","embeddable":true,"href":"https:\/\/www.toque-musicall.com\/index.php?rest_route=%2Fwp%2Fv2%2Ftags&post=296"}],"curies":[{"name":"wp","href":"https:\/\/api.w.org\/{rel}","templated":true}]}}