{"id":2962,"date":"2013-04-04T08:21:37","date_gmt":"2013-04-04T11:21:37","guid":{"rendered":"http:\/\/www.toque-musicall.com\/?p=2962"},"modified":"2013-04-04T08:21:37","modified_gmt":"2013-04-04T11:21:37","slug":"dolores-duran-canta-para-voce-dancar-1957","status":"publish","type":"post","link":"https:\/\/www.toque-musicall.com\/?p=2962","title":{"rendered":"Dolores Duran &#8211; Canta Para Voc\u00ea Dan\u00e7ar (1957)"},"content":{"rendered":"<p><img loading=\"lazy\" decoding=\"async\" class=\"aligncenter\" src=\"http:\/\/2.bp.blogspot.com\/-KEsZyuziWhg\/UV1aFqW9zII\/AAAAAAAAGKI\/TslzGoL1Sf8\/s400\/capap.JPG\" alt=\"\" width=\"391\" height=\"400\" \/><img loading=\"lazy\" decoding=\"async\" class=\"aligncenter\" src=\"http:\/\/3.bp.blogspot.com\/-gkY4kM-Dy4A\/UV1Z9jYesrI\/AAAAAAAAGKA\/rgs8S4R0On8\/s400\/contrap.JPG\" alt=\"\" width=\"391\" height=\"400\" \/><\/p>\n<p>Muito bom dia a todos os amigos, mais ocultos do que cultos! (afinal, coment\u00e1rios contextualizados n\u00e3o andam rolando muito por aqui). N\u00e3o sei voc\u00eas perceberam, mas nesta semana eu estou alternando, um dia para eles, outro dia para elas (e todos os dias para n\u00f3s, \u00e9 claro!)<br \/>\nO toque de hoje \u00e9 com a cantora e compositora Dolores Duran, um nome j\u00e1 bem divulgado por aqui, inclusive, boa parte deste repert\u00f3rio volta a se repetir. Mesmo assim, eu achei por bem de postar o \u00e1lbum original com capa da \u00e9poca. Este disco, \u00f3bvio, j\u00e1 foi relan\u00e7ado outras vezes, creio inclusive que j\u00e1 tenha sa\u00eddo tamb\u00e9m em cd (mas quem \u00e9 que est\u00e1 procurando cd por aqui?). Certo \u00e9 que &#8220;Dolores Duran Canta Para Voc\u00ea Dan\u00e7ar&#8221; \u00e9 um disco \u00f3timo. Conforme se pode ler no texto da contracapa, este foi o terceiro \u00e1lbum de Dolores lan\u00e7ado pelo selo Copacabana, em 1957. &#8220;Canta Para Dan\u00e7ar Com Voc\u00ea&#8221; teria no ano seguinte um segundo volume (logo que der eu posto aqui para voc\u00eas). Creio que n\u00e3o seja necess\u00e1rio entrar em detalhes sobre o conte\u00fado musical deste lp, na contracapa, como voc\u00eas ver\u00e3o h\u00e1 uma descri\u00e7\u00e3o de cada uma das faixas. Pessoalmente, neste disco, o que mais me agrada s\u00e3o as m\u00fasicas de Billy Blanco, que no \u00e1lbum formam quatro. N\u00e3o posso esquecer tamb\u00e9m da cereja do bolo, a faixa &#8220;Por causa de voc\u00ea&#8221;, de Dolores e Antonio Carlos Jobim. A cantora neste lp vem acompanhada por Severino Filho e seu conjunto. \u00c9 dele tamb\u00e9m todos os arranjos. Um belo disco, independente qualquer coisa, essencial nas fileiras do Toque Musical \ud83d\ude09<\/p>\n<div style=\"text-align: center;\">scapricciatiello<\/div>\n<div style=\"text-align: center;\">por causa de voc\u00ea<\/div>\n<div style=\"text-align: center;\">oh\u00f4-ah\u00e1<\/div>\n<div style=\"text-align: center;\">quem foi<\/div>\n<div style=\"text-align: center;\">fei\u00fara n\u00e3o \u00e9 nada<\/div>\n<div style=\"text-align: center;\">que mormuren<\/div>\n<div style=\"text-align: center;\">coisas de mulher<\/div>\n<div style=\"text-align: center;\">viens<\/div>\n<div style=\"text-align: center;\">concei\u00e7\u00e3o<\/div>\n<div style=\"text-align: center;\">se papai fosse eleito<\/div>\n<div style=\"text-align: center;\">mi ultimo fracasso<\/div>\n<div style=\"text-align: center;\">camelot<\/div>\n<div style=\"text-align: center;\">only you<\/div>\n<div style=\"text-align: center;\">estatuto de boite<\/div>\n<div style=\"text-align: center;\"><\/div>\n","protected":false},"excerpt":{"rendered":"<p>Muito bom dia a todos os amigos, mais ocultos do que cultos! (afinal, coment\u00e1rios contextualizados n\u00e3o andam rolando muito por aqui). N\u00e3o sei voc\u00eas perceberam, mas nesta semana eu estou alternando, um dia para eles, outro dia para elas (e &hellip; <a href=\"https:\/\/www.toque-musicall.com\/?p=2962\">Continue lendo <span class=\"meta-nav\">&rarr;<\/span><\/a><\/p>\n","protected":false},"author":1,"featured_media":0,"comment_status":"open","ping_status":"closed","sticky":false,"template":"","format":"standard","meta":{"footnotes":""},"categories":[164,152],"tags":[],"class_list":["post-2962","post","type-post","status-publish","format-standard","hentry","category-dolores-duran","category-selo-copacabana"],"_links":{"self":[{"href":"https:\/\/www.toque-musicall.com\/index.php?rest_route=\/wp\/v2\/posts\/2962","targetHints":{"allow":["GET"]}}],"collection":[{"href":"https:\/\/www.toque-musicall.com\/index.php?rest_route=\/wp\/v2\/posts"}],"about":[{"href":"https:\/\/www.toque-musicall.com\/index.php?rest_route=\/wp\/v2\/types\/post"}],"author":[{"embeddable":true,"href":"https:\/\/www.toque-musicall.com\/index.php?rest_route=\/wp\/v2\/users\/1"}],"replies":[{"embeddable":true,"href":"https:\/\/www.toque-musicall.com\/index.php?rest_route=%2Fwp%2Fv2%2Fcomments&post=2962"}],"version-history":[{"count":1,"href":"https:\/\/www.toque-musicall.com\/index.php?rest_route=\/wp\/v2\/posts\/2962\/revisions"}],"predecessor-version":[{"id":2963,"href":"https:\/\/www.toque-musicall.com\/index.php?rest_route=\/wp\/v2\/posts\/2962\/revisions\/2963"}],"wp:attachment":[{"href":"https:\/\/www.toque-musicall.com\/index.php?rest_route=%2Fwp%2Fv2%2Fmedia&parent=2962"}],"wp:term":[{"taxonomy":"category","embeddable":true,"href":"https:\/\/www.toque-musicall.com\/index.php?rest_route=%2Fwp%2Fv2%2Fcategories&post=2962"},{"taxonomy":"post_tag","embeddable":true,"href":"https:\/\/www.toque-musicall.com\/index.php?rest_route=%2Fwp%2Fv2%2Ftags&post=2962"}],"curies":[{"name":"wp","href":"https:\/\/api.w.org\/{rel}","templated":true}]}}