{"id":2964,"date":"2013-04-05T10:15:43","date_gmt":"2013-04-05T13:15:43","guid":{"rendered":"http:\/\/www.toque-musicall.com\/?p=2964"},"modified":"2013-04-05T10:15:43","modified_gmt":"2013-04-05T13:15:43","slug":"chico-lessa-no-tom-de-sempre-2009","status":"publish","type":"post","link":"https:\/\/www.toque-musicall.com\/?p=2964","title":{"rendered":"Chico Lessa &#8211; No Tom De Sempre (2009)"},"content":{"rendered":"<p><img loading=\"lazy\" decoding=\"async\" class=\"aligncenter\" src=\"http:\/\/4.bp.blogspot.com\/-oh7GMCUeqt0\/UV7A8KQjiaI\/AAAAAAAAGKg\/dlncmaJPpeo\/s400\/CDCAPAp.JPG\" alt=\"\" width=\"400\" height=\"352\" \/><img loading=\"lazy\" decoding=\"async\" class=\"aligncenter\" src=\"http:\/\/2.bp.blogspot.com\/--XRHxQJIN9U\/UV7A1CcLumI\/AAAAAAAAGKY\/qNYgwEGcUuY\/s400\/CD+CONTRAp.JPG\" alt=\"\" width=\"400\" height=\"346\" \/><\/p>\n<p>Bom dia, amigos cultos e ocultos! Chegamos ent\u00e3o \u00e0 sexta feira, o melhor dia da semana! E hoje eu espero que seja mesmo. Esse tempo nublado n\u00e3o vai molhar o meu chap\u00e9u \ud83d\ude42<br \/>\nComo tradicionalmente a sexta \u00e9 dia de artista\/disco independente, eu venho trazendo para voc\u00eas um disco nota 10, lan\u00e7ado em 2009 e pouca repercuss\u00e3o teve na \u00e9poca. Eu mesmo, n\u00e3o conhecia. N\u00e3o conhecia este trabalho, mas o Chico Lessa \u00e9 figurinha carimbada, cantor e compositor, um artista que tem sua trajet\u00f3ria associada ao pessoal do Clube da Esquina, aos festivais e agitos musicais cariocas daqueles anos 70. Eu sempre pensei que o Chico fosse mineiro, mas o cara \u00e9 capixaba, nasceu em Vit\u00f3ria. Tomei um baita susto ao v\u00ea-lo nas fotos deste cd. Me lembro dele magrinho, meio hipponga. De repente me aparece assim, quase careca, de cabelso brancos&#8230; cara\u00ed&#8230; o tempo passou mesmo! Mas, considerando o inevit\u00e1vel, ele at\u00e9 que est\u00e1 muito bem e melhor ainda nessa produ\u00e7\u00e3o feita pelo amigo Toninho Horta. Bom, por a\u00ed j\u00e1 d\u00e1 pra imaginar o que temos neste cd. &#8220;No mesmo tom de sempre&#8221; \u00e9 um trabalho que contempla (claro!) as composi\u00e7\u00f5es de Chico, algumas, inclusive, em parcerias. Esta que d\u00e1 nome ao disco, por exemplo, \u00e9 uma m\u00fasica que ele fez em parceria com o M\u00e1rcio Borges e foi incluida no disco &#8220;<a href=\"https:\/\/www.toque-musicall.com\/?p=1827\" target=\"_blank\">Os Borges &#8211; Em Fam\u00edla (1980)<\/a>&#8220;. Como se pode ver pela contracapa s\u00e3o ao todo doze m\u00fasicas, com participa\u00e7\u00f5es super especiais de outros artistas como Carlar vilar, Yuri Popoff, Rudi Berger, Tatta Spalla, Robertinho Silva, Chico Amaral, L\u00f4 Borges, Juarez Moreira, Nivaldo Ornellas&#8230; e tem mais&#8230; inclusive o Toninho Horta, claro!<br \/>\nQuem quiser saber mais sobre o Chico Lessa e tamb\u00e9m sobre o lend\u00e1rio Clube da Esquina, sugiro uma visita ao blog Museu Clube da Esquina. Tem muita hist\u00f3ria para contar \ud83d\ude42<br \/>\nSe algu\u00e9m estiver interessado em comprar o cd, ainda \u00e9 poss\u00edvel adquiri-lo atrav\u00e9s do site da\u00a0<a href=\"http:\/\/lojamusicaquevemdeminas.blogspot.com.br\/\" target=\"_blank\">M\u00fasica Que Vem De Minas<\/a>.<\/p>\n<div style=\"text-align: center;\">c\u00e1 entre n\u00f3s<\/div>\n<div style=\"text-align: center;\">ci\u00fames do rei<\/div>\n<div style=\"text-align: center;\">puxando o trem<\/div>\n<div style=\"text-align: center;\">poucas e boas<\/div>\n<div style=\"text-align: center;\">no tom de sempre<\/div>\n<div style=\"text-align: center;\">mesmo assim<\/div>\n<div style=\"text-align: center;\">vit\u00f3ria blues<\/div>\n<div style=\"text-align: center;\">sinal verde<\/div>\n<div style=\"text-align: center;\">groove do su\u00e1<\/div>\n<div style=\"text-align: center;\">samba do caxinguel\u00ea<\/div>\n<div style=\"text-align: center;\">seu f\u00e3<\/div>\n<div style=\"text-align: center;\">veneciano ausente<\/div>\n<div style=\"text-align: center;\"><\/div>\n<div style=\"text-align: center;\"><\/div>\n","protected":false},"excerpt":{"rendered":"<p>Bom dia, amigos cultos e ocultos! Chegamos ent\u00e3o \u00e0 sexta feira, o melhor dia da semana! E hoje eu espero que seja mesmo. Esse tempo nublado n\u00e3o vai molhar o meu chap\u00e9u \ud83d\ude42 Como tradicionalmente a sexta \u00e9 dia de &hellip; <a href=\"https:\/\/www.toque-musicall.com\/?p=2964\">Continue lendo <span class=\"meta-nav\">&rarr;<\/span><\/a><\/p>\n","protected":false},"author":1,"featured_media":0,"comment_status":"open","ping_status":"closed","sticky":false,"template":"","format":"standard","meta":{"footnotes":""},"categories":[2123,25,471],"tags":[],"class_list":["post-2964","post","type-post","status-publish","format-standard","hentry","category-chico-lessa","category-selo-independente","category-toninho-horta"],"_links":{"self":[{"href":"https:\/\/www.toque-musicall.com\/index.php?rest_route=\/wp\/v2\/posts\/2964","targetHints":{"allow":["GET"]}}],"collection":[{"href":"https:\/\/www.toque-musicall.com\/index.php?rest_route=\/wp\/v2\/posts"}],"about":[{"href":"https:\/\/www.toque-musicall.com\/index.php?rest_route=\/wp\/v2\/types\/post"}],"author":[{"embeddable":true,"href":"https:\/\/www.toque-musicall.com\/index.php?rest_route=\/wp\/v2\/users\/1"}],"replies":[{"embeddable":true,"href":"https:\/\/www.toque-musicall.com\/index.php?rest_route=%2Fwp%2Fv2%2Fcomments&post=2964"}],"version-history":[{"count":1,"href":"https:\/\/www.toque-musicall.com\/index.php?rest_route=\/wp\/v2\/posts\/2964\/revisions"}],"predecessor-version":[{"id":2965,"href":"https:\/\/www.toque-musicall.com\/index.php?rest_route=\/wp\/v2\/posts\/2964\/revisions\/2965"}],"wp:attachment":[{"href":"https:\/\/www.toque-musicall.com\/index.php?rest_route=%2Fwp%2Fv2%2Fmedia&parent=2964"}],"wp:term":[{"taxonomy":"category","embeddable":true,"href":"https:\/\/www.toque-musicall.com\/index.php?rest_route=%2Fwp%2Fv2%2Fcategories&post=2964"},{"taxonomy":"post_tag","embeddable":true,"href":"https:\/\/www.toque-musicall.com\/index.php?rest_route=%2Fwp%2Fv2%2Ftags&post=2964"}],"curies":[{"name":"wp","href":"https:\/\/api.w.org\/{rel}","templated":true}]}}