{"id":2966,"date":"2013-04-06T20:17:35","date_gmt":"2013-04-06T23:17:35","guid":{"rendered":"http:\/\/www.toque-musicall.com\/?p=2966"},"modified":"2013-04-06T20:17:36","modified_gmt":"2013-04-06T23:17:36","slug":"projeto-unimusica-1984","status":"publish","type":"post","link":"https:\/\/www.toque-musicall.com\/?p=2966","title":{"rendered":"Projeto UniM\u00fasica (1984)"},"content":{"rendered":"<p><img loading=\"lazy\" decoding=\"async\" class=\"aligncenter\" src=\"http:\/\/3.bp.blogspot.com\/-odzqSQmQryc\/UWClOXB-1JI\/AAAAAAAAGK4\/q9a5WmXOBUo\/s400\/capap.JPG\" alt=\"\" width=\"400\" height=\"396\" \/><img loading=\"lazy\" decoding=\"async\" class=\"aligncenter\" src=\"http:\/\/1.bp.blogspot.com\/-f8N9hGB9aNU\/UWClJL0jWDI\/AAAAAAAAGKw\/qZdJZ9w8DDk\/s400\/contra+2p.JPG\" alt=\"\" width=\"400\" height=\"399\" \/><\/p>\n<div>Boa noite, meus caros amigos cultos e ocultos! J\u00e1 faz um bom tempo que eu n\u00e3o pego uma gripe, desta vez ela veio com vontade. N\u00e3o fosse o meu empenho, hoje n\u00e3o ter\u00edamos postagem. Mas vamos l\u00e1&#8230;<\/div>\n<div>&#8220;Unimusica: Espa\u00e7o Aberto Para o Som&#8221; foi um projeto musical que aconteceu em Porto Alegre nos anos 80, promovido pela Univesidade Federal do Rio Grande do Sul. Era, como nos informa o texto de contra capa, um espa\u00e7o aberto a todas as manifesta\u00e7\u00f5es musicais da comunidade universit\u00e1ria da UFRGS. Acontecia todas as sextas feiras no final da tarde, trazendo para apresenta\u00e7\u00f5es diferentes artistas daquele Estado. Foram v\u00e1rios os artistas que se apresentaram no palco da Unim\u00fasica e este lp \u00e9 um resumo de tudo isso. Disco bacana, cheio de m\u00fasicas boas, com artistas da melhor safra daquela \u00e9poca. Confere a\u00ed que eu de c\u00e1 j\u00e1 vou me deitar. Mais uma aspirina, por favor&#8230;<\/div>\n<div><\/div>\n<div style=\"text-align: center;\">horizontes (bailei na curva) &#8211; elaine geissler<\/div>\n<div style=\"text-align: center;\">porque ela me chama de pequeno &#8211; nelson coelho de castro<\/div>\n<div style=\"text-align: center;\">bicho &#8211; luis felipe franco<\/div>\n<div style=\"text-align: center;\">no, no chace &#8211; ney lisboa<\/div>\n<div style=\"text-align: center;\">\u00eaxodo &#8211; totonho villeroy<\/div>\n<div style=\"text-align: center;\">aves daninhas &#8211; victor hugo e geraldo flack<\/div>\n<div style=\"text-align: center;\">majestic &#8211; kim ribeiro<\/div>\n<div style=\"text-align: center;\">cantar &#8211; grupo canto livre<\/div>\n<div style=\"text-align: center;\">passarada &#8211; gloria oliveira<\/div>\n<div style=\"text-align: center;\">preconceitos e teoremas &#8211; jos\u00e9 luis galia<\/div>\n<div style=\"text-align: center;\">joana araguaia &#8211; paulo gaiger<\/div>\n<div style=\"text-align: center;\">tangar\u00e1 &#8211; os posteiros<\/div>\n","protected":false},"excerpt":{"rendered":"<p>Boa noite, meus caros amigos cultos e ocultos! J\u00e1 faz um bom tempo que eu n\u00e3o pego uma gripe, desta vez ela veio com vontade. N\u00e3o fosse o meu empenho, hoje n\u00e3o ter\u00edamos postagem. Mas vamos l\u00e1&#8230; &#8220;Unimusica: Espa\u00e7o Aberto &hellip; <a href=\"https:\/\/www.toque-musicall.com\/?p=2966\">Continue lendo <span class=\"meta-nav\">&rarr;<\/span><\/a><\/p>\n","protected":false},"author":1,"featured_media":0,"comment_status":"open","ping_status":"closed","sticky":false,"template":"","format":"standard","meta":{"footnotes":""},"categories":[2124,66],"tags":[],"class_list":["post-2966","post","type-post","status-publish","format-standard","hentry","category-projeto-unimusica","category-selo-som-livre"],"_links":{"self":[{"href":"https:\/\/www.toque-musicall.com\/index.php?rest_route=\/wp\/v2\/posts\/2966","targetHints":{"allow":["GET"]}}],"collection":[{"href":"https:\/\/www.toque-musicall.com\/index.php?rest_route=\/wp\/v2\/posts"}],"about":[{"href":"https:\/\/www.toque-musicall.com\/index.php?rest_route=\/wp\/v2\/types\/post"}],"author":[{"embeddable":true,"href":"https:\/\/www.toque-musicall.com\/index.php?rest_route=\/wp\/v2\/users\/1"}],"replies":[{"embeddable":true,"href":"https:\/\/www.toque-musicall.com\/index.php?rest_route=%2Fwp%2Fv2%2Fcomments&post=2966"}],"version-history":[{"count":1,"href":"https:\/\/www.toque-musicall.com\/index.php?rest_route=\/wp\/v2\/posts\/2966\/revisions"}],"predecessor-version":[{"id":2967,"href":"https:\/\/www.toque-musicall.com\/index.php?rest_route=\/wp\/v2\/posts\/2966\/revisions\/2967"}],"wp:attachment":[{"href":"https:\/\/www.toque-musicall.com\/index.php?rest_route=%2Fwp%2Fv2%2Fmedia&parent=2966"}],"wp:term":[{"taxonomy":"category","embeddable":true,"href":"https:\/\/www.toque-musicall.com\/index.php?rest_route=%2Fwp%2Fv2%2Fcategories&post=2966"},{"taxonomy":"post_tag","embeddable":true,"href":"https:\/\/www.toque-musicall.com\/index.php?rest_route=%2Fwp%2Fv2%2Ftags&post=2966"}],"curies":[{"name":"wp","href":"https:\/\/api.w.org\/{rel}","templated":true}]}}