{"id":2968,"date":"2013-04-07T11:56:52","date_gmt":"2013-04-07T14:56:52","guid":{"rendered":"http:\/\/www.toque-musicall.com\/?p=2968"},"modified":"2013-04-07T11:56:52","modified_gmt":"2013-04-07T14:56:52","slug":"marku-ribas-marku-1973","status":"publish","type":"post","link":"https:\/\/www.toque-musicall.com\/?p=2968","title":{"rendered":"Marku Ribas &#8211; Marku (1973)"},"content":{"rendered":"<p><img loading=\"lazy\" decoding=\"async\" class=\"aligncenter\" src=\"http:\/\/4.bp.blogspot.com\/-PqprUHgLnbc\/UWF0ZruccuI\/AAAAAAAAGLQ\/mwNtUQ-9axA\/s400\/capap.JPG\" alt=\"\" width=\"400\" height=\"400\" \/><img loading=\"lazy\" decoding=\"async\" class=\"aligncenter\" src=\"http:\/\/1.bp.blogspot.com\/-wdlMqFltoc0\/UWF0VVxn0xI\/AAAAAAAAGLI\/HNc3EOgYs3I\/s400\/contracapap.JPG\" alt=\"\" width=\"400\" height=\"400\" \/><\/p>\n<div>Bom dia, amigos cultos e ocultos! Domingo triste esse&#8230; Ontem a noite faleceu o Mestre Marku Ribas, v\u00edtima de um c\u00e2ncer. Ele estava nessa peleja desde o ano passado, quando ent\u00e3o foi contatada a doen\u00e7a. Imagino como deve ter sido a barra neste seu \u00faltimo ano, principalmente sendo ele um cara t\u00e3o ativo e irriquieto. Tive o prazer de conviver com ele em v\u00e1rias situa\u00e7\u00f5es. Chegamos certa vez a dividir um quarto num hotel em Diamantina, quando ent\u00e3o participavamos de um Festival de Inverno, da UFMG. Ele era realmente um Ser Musical, at\u00e9 nas nossas conversas a coisa rolava em forma de m\u00fasica. Sempre batucando com as pontas dos dedos, caminhavamos pelas ladeiras geladas da cidade. Numa dessas noites viramos sozinhos uma garrafa de whisky. Eu nem acreditei que tivesse bebido tanto. Mas ainda bem que foi um scotch, pois se fosse vodka eu nem nem lembraria desse caso. Pois \u00e9&#8230; a vida \u00e9 assim, as coisas s\u00e3o assim&#8230; T\u00f4 mesmo muito triste \ud83d\ude41<\/div>\n<div>Em sua homenagem, fa\u00e7o aqui este post, trazendo o que foi um de seus primeiros trabalhos, lan\u00e7ado em 1973 pelo selo Underground (que muitos pensam ser o nome do trabalho).O disco foi uma produ\u00e7\u00e3o dirigida por Cesare Benevenutti e contou arranjos e reg\u00eancias do maestro Erlon Chaves e supervis\u00e3o musical de outro maestro, Leo Peracchi. No \u00e1lbum vamos encontrar um repert\u00f3rio inteiramente autoral, com um originalidade abusiva e influ\u00eancias das mais distintas, fruto de suas pesquisas viajando pela Africa e Caribe. O \u00e1lbum, em sua primeira edi\u00e7\u00e3o saiu em capa dupla. Teve alguns problemas com a Censura, mas malandro que \u00e9 malandro n\u00e3o bobeia&#8230; Conseguiu fazer o disco assim como queria. Aqui, o grande destaque \u00e9 a faixa &#8220;Zamba Ben&#8221;, m\u00fasica que a cada nova d\u00e9cada ganha mais admira\u00e7\u00e3o, atual\u00edssima!<\/div>\n<div>Este disco, assim como toda a discografia do artista, voltou \u00e0 tona muito gra\u00e7as ao trabalho de divulga\u00e7\u00e3o em blogs e sites especializados. E isso que eu estou dizendo s\u00e3o praticamente as palavras do artista.<\/div>\n<div>Valeu Mestre! Vai com Deus! Vai tocar ao lado de tantos outros que se foram, l\u00e1 no c\u00e9u.<\/div>\n<div><\/div>\n<div style=\"text-align: center;\">zamba ben<\/div>\n<div style=\"text-align: center;\">5,30 schoelcher<\/div>\n<div style=\"text-align: center;\">o adeus segundo maria<\/div>\n<div style=\"text-align: center;\">n&#8217;biri n&#8217;biri<\/div>\n<div style=\"text-align: center;\">porto seguro<\/div>\n<div style=\"text-align: center;\">pacutiguib\u00ea ia\u00f4<\/div>\n<div style=\"text-align: center;\">madinina<\/div>\n<div style=\"text-align: center;\">matinic moins<\/div>\n<div style=\"text-align: center;\">orange lady<\/div>\n<div style=\"text-align: center;\"><\/div>\n<div style=\"text-align: center;\"><\/div>\n<div style=\"text-align: center;\"><\/div>\n","protected":false},"excerpt":{"rendered":"<p>Bom dia, amigos cultos e ocultos! Domingo triste esse&#8230; Ontem a noite faleceu o Mestre Marku Ribas, v\u00edtima de um c\u00e2ncer. Ele estava nessa peleja desde o ano passado, quando ent\u00e3o foi contatada a doen\u00e7a. Imagino como deve ter sido &hellip; <a href=\"https:\/\/www.toque-musicall.com\/?p=2968\">Continue lendo <span class=\"meta-nav\">&rarr;<\/span><\/a><\/p>\n","protected":false},"author":1,"featured_media":0,"comment_status":"open","ping_status":"closed","sticky":false,"template":"","format":"standard","meta":{"footnotes":""},"categories":[1310,2125],"tags":[],"class_list":["post-2968","post","type-post","status-publish","format-standard","hentry","category-marku-ribas","category-selo-underground"],"_links":{"self":[{"href":"https:\/\/www.toque-musicall.com\/index.php?rest_route=\/wp\/v2\/posts\/2968","targetHints":{"allow":["GET"]}}],"collection":[{"href":"https:\/\/www.toque-musicall.com\/index.php?rest_route=\/wp\/v2\/posts"}],"about":[{"href":"https:\/\/www.toque-musicall.com\/index.php?rest_route=\/wp\/v2\/types\/post"}],"author":[{"embeddable":true,"href":"https:\/\/www.toque-musicall.com\/index.php?rest_route=\/wp\/v2\/users\/1"}],"replies":[{"embeddable":true,"href":"https:\/\/www.toque-musicall.com\/index.php?rest_route=%2Fwp%2Fv2%2Fcomments&post=2968"}],"version-history":[{"count":1,"href":"https:\/\/www.toque-musicall.com\/index.php?rest_route=\/wp\/v2\/posts\/2968\/revisions"}],"predecessor-version":[{"id":2969,"href":"https:\/\/www.toque-musicall.com\/index.php?rest_route=\/wp\/v2\/posts\/2968\/revisions\/2969"}],"wp:attachment":[{"href":"https:\/\/www.toque-musicall.com\/index.php?rest_route=%2Fwp%2Fv2%2Fmedia&parent=2968"}],"wp:term":[{"taxonomy":"category","embeddable":true,"href":"https:\/\/www.toque-musicall.com\/index.php?rest_route=%2Fwp%2Fv2%2Fcategories&post=2968"},{"taxonomy":"post_tag","embeddable":true,"href":"https:\/\/www.toque-musicall.com\/index.php?rest_route=%2Fwp%2Fv2%2Ftags&post=2968"}],"curies":[{"name":"wp","href":"https:\/\/api.w.org\/{rel}","templated":true}]}}