{"id":2971,"date":"2013-04-08T22:34:10","date_gmt":"2013-04-09T01:34:10","guid":{"rendered":"http:\/\/www.toque-musicall.com\/?p=2971"},"modified":"2013-04-08T22:34:10","modified_gmt":"2013-04-09T01:34:10","slug":"jacob-do-bandolim-5-selecao-78-rpm-do-toque-musical-vol-52-2013","status":"publish","type":"post","link":"https:\/\/www.toque-musicall.com\/?p=2971","title":{"rendered":"Jacob Do Bandolim 5 &#8211; Sele\u00e7\u00e3o 78 RPM Do Toque Musical &#8211; Vol. 52 (2013)"},"content":{"rendered":"<p><img loading=\"lazy\" decoding=\"async\" class=\"aligncenter\" src=\"http:\/\/1.bp.blogspot.com\/-Uu2BvF5AaA8\/UWNurfTQAOI\/AAAAAAAAGL4\/NY3A6IwgeL0\/s400\/CAPAp.JPG\" alt=\"\" width=\"400\" height=\"400\" \/><img loading=\"lazy\" decoding=\"async\" class=\"aligncenter\" src=\"http:\/\/3.bp.blogspot.com\/-zDPv-ymcOfE\/UWNum24ogCI\/AAAAAAAAGLw\/pRkJi6O9V3Y\/s400\/CONTRACAPAp.JPG\" alt=\"\" width=\"400\" height=\"400\" \/><\/p>\n<p>Este \u00e9 o quinquag\u00e9simo-segundo volume do meu, do seu, do nosso Grand Record Brazil, e o quinto dedicado ao riqu\u00edssimo legado deixado por esse aut\u00eantico mestre das cordas que foi Jacob do Bandolim. E com ele, retomamos a apresenta\u00e7\u00e3o de registros comerciais de Jacob, uma vez que, como os amigos cultos, ocultos e associados do TM se recordam, no volume anterior tivemos grava\u00e7\u00f5es dom\u00e9sticas extra\u00eddas dos \u201csaraus\u201d que o mago do bandolim promovia em sua casa no bairro carioca de Jacarepagu\u00e1.<\/p>\n<p>S\u00e3o doze preciosas grava\u00e7\u00f5es, todas evidentemente feitas na RCA Victor. Abrindo nossa sele\u00e7\u00e3o desta semana, um choro do pr\u00f3prio Jacob, \u201cCiumento\u201d, grava\u00e7\u00e3o de 14 de mar\u00e7o de 1955, lan\u00e7ada em maio do mesmo ano, disco 80-1434-B, matriz BE5VB-0700. Em seguida, outra joia do choro concebida por ele mesmo, \u201cSempre teu\u201d, gravada em 13 de junho de 1955 e lan\u00e7ada em agosto seguinte com o n\u00famero 80-1476-A, matriz BE5VB-0769. Depois tem a m\u00fasica do verso desse disco, matriz BE5VB-0770, uma regrava\u00e7\u00e3o do choro \u201cUm a zero\u201d. Ele foi composto por Pixinguinha em 1919,\u00a0 por ocasi\u00e3o da conquista do Campeonato Sul-Americano de Futebol pelo Brasil, que derrotou o Uruguai exatamente por essa contagem, gol de Arthur Friendenreich. A primeira grava\u00e7\u00e3o, no entanto, s\u00f3 saiu em 1946, com o pr\u00f3prio Pixinguinha ao saxofone em dueto com a flauta de Benedito Lacerda, que entrou como parceiro na m\u00fasica por acordo comercial que existia entre ambos. Jacob recorda logo depois o \u201ctango brasileiro\u201d \u201cAmap\u00e1\u201d, de Juca Storoni (Jo\u00e3o Jos\u00e9 da Costa Jr., Rio de Janeiro, 1868-idem, 1917), cujo primeiro registro deu-se em 1909, na Victor americana, pela Banda do Corpo de Marinheiros Nacionais. Jacob fez seu registro em 13 de janeiro de 1956, com lan\u00e7amento em mar\u00e7o seguinte sob n.o 80-1565-B, matriz BE6VB-0942, e voltaria a gravar \u201cAmap\u00e1\u201d em 1960, no LP \u201cNa roda do choro\u201d. O registro do \u201cponteado\u201d \u201cDe Limoeiro a Mossor\u00f3\u201d, do pr\u00f3prio executante, data de 13 de mar\u00e7o de 1956, com lan\u00e7amento em maio seguinte sob n.o 80-1596-A, matriz BE6VB-1015. Outra obra-prima do mestre \u00e9 \u201cCar\u00edcia\u201d, choro que ele gravou em 13 de julho de 1956, com lan\u00e7amento em setembro do mesmo ano, com o n.o 80-1667-B, matriz BE6VB-1214. Temos em seguida outra demonstra\u00e7\u00e3o do apre\u00e7o de Jacob ao carnaval pernambucano, com o frevo \u201cBuscap\u00e9\u201d, gravado em 14 de setembro de 1956 e lan\u00e7ado em novembro (certamente com vistas \u00e0 folia recifense de 57) sob n.o 80-1706-A, matriz BE6VB-1305. Apresentamos tamb\u00e9m o verso desse disco, matriz BE6VB-1306, outro frevo, s\u00f3 que de Jonas Cordeiro, \u201cPimenta no sal\u00e3o\u201d. Um cl\u00e1ssico do mestre Pixinguinha, o choro \u201cSofres porque queres\u201d foi por ele composto inspirado em uma briga conjugal! Ele pr\u00f3prio o gravou pela primeira vez com sua flauta, em 1917, e o regravaria ao saxofone junto com o flautista Benedito Lacerda (que recebeu co-autoria) em 1946. Onze anos depois, a 10 de julho de 1957, Jacob do Bandolim gravou esta sua vers\u00e3o, lan\u00e7ada em setembro seguinte com o n.o 80-1845-A, matriz 13-H2PB-0165. Do limiar de 1958, em 17 de janeiro, \u00e9 a grava\u00e7\u00e3o de Jacob para seu choro \u201cImplicante\u201d, lan\u00e7ada em abril do mesmo ano com o n.o 80-1930-A, matriz 13-J2PB-0339. O maxixe \u201cFub\u00e1\u201d, motivo folcl\u00f3rico adaptado por Romeu Silva, surgiu em 1925, em grava\u00e7\u00e3o do cantor Fernando Albuquerque, e \u00e9 revivido por Jacob em registro de 26 de agosto de 1959, lan\u00e7ado em novembro seguinte com o n.o 80-2125-A, matriz 13-K2PB-0736. A voz que se ouve vocalizando o refr\u00e3o junto com o coro \u00e9 a do pr\u00f3prio Jacob! Para finalizar, o lado B desse disco, matriz 13-K2PB-0737: o choro \u201cVelhos tempos\u201d, outra composi\u00e7\u00e3o pr\u00f3pria do mestre com a qualidade habitual. E aten\u00e7\u00e3o: nas pr\u00f3ximas duas semanas, teremos mais tesouros preciosos gravados pelo mestre Jacob do Bandolim. Aguardem!<\/p>\n<p>TEXTO DE SAMUEL MACHADO FILHO<\/p>\n","protected":false},"excerpt":{"rendered":"<p>Este \u00e9 o quinquag\u00e9simo-segundo volume do meu, do seu, do nosso Grand Record Brazil, e o quinto dedicado ao riqu\u00edssimo legado deixado por esse aut\u00eantico mestre das cordas que foi Jacob do Bandolim. E com ele, retomamos a apresenta\u00e7\u00e3o de &hellip; <a href=\"https:\/\/www.toque-musicall.com\/?p=2971\">Continue lendo <span class=\"meta-nav\">&rarr;<\/span><\/a><\/p>\n","protected":false},"author":1,"featured_media":0,"comment_status":"open","ping_status":"closed","sticky":false,"template":"","format":"standard","meta":{"footnotes":""},"categories":[359,13],"tags":[],"class_list":["post-2971","post","type-post","status-publish","format-standard","hentry","category-jacob-do-bandolim","category-selo-grand-record-brazil"],"_links":{"self":[{"href":"https:\/\/www.toque-musicall.com\/index.php?rest_route=\/wp\/v2\/posts\/2971","targetHints":{"allow":["GET"]}}],"collection":[{"href":"https:\/\/www.toque-musicall.com\/index.php?rest_route=\/wp\/v2\/posts"}],"about":[{"href":"https:\/\/www.toque-musicall.com\/index.php?rest_route=\/wp\/v2\/types\/post"}],"author":[{"embeddable":true,"href":"https:\/\/www.toque-musicall.com\/index.php?rest_route=\/wp\/v2\/users\/1"}],"replies":[{"embeddable":true,"href":"https:\/\/www.toque-musicall.com\/index.php?rest_route=%2Fwp%2Fv2%2Fcomments&post=2971"}],"version-history":[{"count":1,"href":"https:\/\/www.toque-musicall.com\/index.php?rest_route=\/wp\/v2\/posts\/2971\/revisions"}],"predecessor-version":[{"id":2972,"href":"https:\/\/www.toque-musicall.com\/index.php?rest_route=\/wp\/v2\/posts\/2971\/revisions\/2972"}],"wp:attachment":[{"href":"https:\/\/www.toque-musicall.com\/index.php?rest_route=%2Fwp%2Fv2%2Fmedia&parent=2971"}],"wp:term":[{"taxonomy":"category","embeddable":true,"href":"https:\/\/www.toque-musicall.com\/index.php?rest_route=%2Fwp%2Fv2%2Fcategories&post=2971"},{"taxonomy":"post_tag","embeddable":true,"href":"https:\/\/www.toque-musicall.com\/index.php?rest_route=%2Fwp%2Fv2%2Ftags&post=2971"}],"curies":[{"name":"wp","href":"https:\/\/api.w.org\/{rel}","templated":true}]}}