{"id":2974,"date":"2013-04-09T09:07:21","date_gmt":"2013-04-09T12:07:21","guid":{"rendered":"http:\/\/www.toque-musicall.com\/?p=2974"},"modified":"2013-04-09T09:07:21","modified_gmt":"2013-04-09T12:07:21","slug":"trio-surdina-boleros-famosos-vol-1-1955","status":"publish","type":"post","link":"https:\/\/www.toque-musicall.com\/?p=2974","title":{"rendered":"Trio Surdina &#8211; Boleros Famosos Vol. 1 (1955)"},"content":{"rendered":"<p><img loading=\"lazy\" decoding=\"async\" class=\"aligncenter\" src=\"http:\/\/2.bp.blogspot.com\/-GhfafbYq6lA\/UWP6thuMYbI\/AAAAAAAAGMY\/eKkIf__dZaM\/s400\/folder.jpg\" alt=\"\" width=\"399\" height=\"400\" \/><img loading=\"lazy\" decoding=\"async\" class=\"aligncenter\" src=\"http:\/\/4.bp.blogspot.com\/-pAmSvJQ3dfw\/UWP6n9pfdCI\/AAAAAAAAGMQ\/ga8ZKHfxAGc\/s400\/contracapaP.JPG\" alt=\"\" width=\"400\" height=\"399\" \/><\/p>\n<p>Bom dia, amigos cultos e ocultos! H\u00e1 uns dois anos atr\u00e1s eu postei aqui um disco do Trio Surdina. Foi a primeira vez que publiquei um trabalho desse trio maravilhoso, formado por Garoto, Faf\u00e1 Lemos e Chiquinho do Acordeom. Na \u00e9poca, o disco em quest\u00e3o era\u00a0<a href=\"https:\/\/www.toque-musicall.com\/?p=466\" target=\"_blank\">&#8220;Boleros Em Surdina &#8211; Vol. 2&#8221;<\/a>. Eu postei ele meio que incomodado por iniciar justamente com o volume 2. Naquele momento eu n\u00e3o tinha em m\u00e3os (e nem em pratos) o primeiro volume. Ficamos assim na pend\u00eancia, at\u00e9 que hoje, procurando o que postar, dei de cara com o procurado volume 1. Meu engano foi por conta da capa, s\u00e3o bem semelhantes, o que muda s\u00e3o apenas as cores da ilustra\u00e7\u00e3o. Nem me toquei para o detalhe. Mas, como dizem, nunca \u00e9 tarde para ser feliz. Como em 1954 o trio original se desfez, por conta da morte de Garoto, Nilo S\u00e9rgio, o produtor, resolveu manter o nome Trio Surdina com outros m\u00fasicos e com esses veio a lan\u00e7ar mais uma s\u00e9rie de discos. Eu, tenho para mim, que &#8220;Boleros Famosos&#8221;, tanto o vol 1 como o 2 s\u00e3o com o trio original. Que tal a gente ouvir e comentar, heim? Quem quiser tamb\u00e9m pode dan\u00e7ar \ud83d\ude09<\/p>\n<div style=\"text-align: center;\">usted<\/div>\n<div style=\"text-align: center;\">sinceridad<\/div>\n<div style=\"text-align: center;\">cancion del alma<\/div>\n<div style=\"text-align: center;\">solamente una vez<\/div>\n<div style=\"text-align: center;\">un minuto<\/div>\n<div style=\"text-align: center;\">contigo<\/div>\n<div style=\"text-align: center;\">angelitos negros<\/div>\n<div style=\"text-align: center;\">pecadora<\/div>\n<div><\/div>\n","protected":false},"excerpt":{"rendered":"<p>Bom dia, amigos cultos e ocultos! H\u00e1 uns dois anos atr\u00e1s eu postei aqui um disco do Trio Surdina. Foi a primeira vez que publiquei um trabalho desse trio maravilhoso, formado por Garoto, Faf\u00e1 Lemos e Chiquinho do Acordeom. Na &hellip; <a href=\"https:\/\/www.toque-musicall.com\/?p=2974\">Continue lendo <span class=\"meta-nav\">&rarr;<\/span><\/a><\/p>\n","protected":false},"author":1,"featured_media":0,"comment_status":"open","ping_status":"closed","sticky":false,"template":"","format":"standard","meta":{"footnotes":""},"categories":[35,737],"tags":[],"class_list":["post-2974","post","type-post","status-publish","format-standard","hentry","category-selo-musidisc","category-trio-surdina"],"_links":{"self":[{"href":"https:\/\/www.toque-musicall.com\/index.php?rest_route=\/wp\/v2\/posts\/2974","targetHints":{"allow":["GET"]}}],"collection":[{"href":"https:\/\/www.toque-musicall.com\/index.php?rest_route=\/wp\/v2\/posts"}],"about":[{"href":"https:\/\/www.toque-musicall.com\/index.php?rest_route=\/wp\/v2\/types\/post"}],"author":[{"embeddable":true,"href":"https:\/\/www.toque-musicall.com\/index.php?rest_route=\/wp\/v2\/users\/1"}],"replies":[{"embeddable":true,"href":"https:\/\/www.toque-musicall.com\/index.php?rest_route=%2Fwp%2Fv2%2Fcomments&post=2974"}],"version-history":[{"count":1,"href":"https:\/\/www.toque-musicall.com\/index.php?rest_route=\/wp\/v2\/posts\/2974\/revisions"}],"predecessor-version":[{"id":2975,"href":"https:\/\/www.toque-musicall.com\/index.php?rest_route=\/wp\/v2\/posts\/2974\/revisions\/2975"}],"wp:attachment":[{"href":"https:\/\/www.toque-musicall.com\/index.php?rest_route=%2Fwp%2Fv2%2Fmedia&parent=2974"}],"wp:term":[{"taxonomy":"category","embeddable":true,"href":"https:\/\/www.toque-musicall.com\/index.php?rest_route=%2Fwp%2Fv2%2Fcategories&post=2974"},{"taxonomy":"post_tag","embeddable":true,"href":"https:\/\/www.toque-musicall.com\/index.php?rest_route=%2Fwp%2Fv2%2Ftags&post=2974"}],"curies":[{"name":"wp","href":"https:\/\/api.w.org\/{rel}","templated":true}]}}