{"id":2977,"date":"2013-04-10T15:13:26","date_gmt":"2013-04-10T18:13:26","guid":{"rendered":"http:\/\/www.toque-musicall.com\/?p=2977"},"modified":"2013-04-10T15:14:37","modified_gmt":"2013-04-10T18:14:37","slug":"antonio-carlos-barbosa-lima-viola-brasileira-concerto-em-hi-fi-1963","status":"publish","type":"post","link":"https:\/\/www.toque-musicall.com\/?p=2977","title":{"rendered":"Antonio Carlos Barbosa Lima &#8211; Viola Brasileira &#8211; Concerto Em Hi Fi (1963)"},"content":{"rendered":"<p><img loading=\"lazy\" decoding=\"async\" class=\"aligncenter\" src=\"http:\/\/1.bp.blogspot.com\/-iiItFFBvf6I\/UWVCKJVQ_1I\/AAAAAAAAGMw\/3-OOxKtUN8Y\/s400\/capap.JPG\" alt=\"\" width=\"400\" height=\"398\" \/><img loading=\"lazy\" decoding=\"async\" class=\"aligncenter\" src=\"http:\/\/4.bp.blogspot.com\/-atY_os1ItzI\/UWVCF9ElcQI\/AAAAAAAAGMo\/GY-FNiBuoIE\/s400\/contraP.JPG\" alt=\"\" width=\"400\" height=\"395\" \/><\/p>\n<p>Ol\u00e1 amigos cultos e ocultos! Andei dando uma filtrada nos coment\u00e1rios atrav\u00e9s de uma outra configura\u00e7\u00e3o para evitar os &#8216;spams&#8217;, mas pelo jeito espantou tamb\u00e9m os &#8216;cultos&#8217;. Mas tudo bem&#8230; acho que j\u00e1 estou come\u00e7ando a exigir demais de voc\u00eas.<br \/>\nPara darmos sequencia nesta quarta feira, eu estou trazendo este raro e bel\u00edsimo \u00e1lbum lan\u00e7ado pela Chantecler em 1963. &#8220;Concerto em Hi Fi &#8211; Viola Brasileira&#8221;. Um disco gravado pelo excepcional violonista Antonio Carlos Barbosa Lima, acompanhado por orquestra e reg\u00eancia do maestro Armando Belardi. Nele \u00e9 apresentado pela primeira vez o &#8220;Concertino para Viola Brasileira e Orquestra de C\u00e2mara&#8221; e &#8220;7 Prel\u00fadios (6 nos modos da viola)&#8221;, do compositor, tamb\u00e9m mestre de Barbosa Lima, Theodoro Nogueira. Para quem gosta de viola, este disco \u00e9 obrigat\u00f3rio, pois foi talvez a primeira incurss\u00e3o da viola caipira no campo da m\u00fasica erudita. O disco \u00e9 um registro de um concerto realizado na \u00e9poca, no Teatro Municipal de S\u00e3o Paulo. Um trabalho bel\u00edssimo, pouco explorado e conhecido do p\u00fablico, mesmo naqueles tempos&#8230;<br \/>\nconcertino para viola brasileira e orquestra de c\u00e2mara:<\/p>\n<div style=\"text-align: center;\">alegro moderato<\/div>\n<div style=\"text-align: center;\">andante expressivo<\/div>\n<div style=\"text-align: center;\">festivo<\/div>\n<div style=\"text-align: center;\">6 prel\u00fadios (nos modos da viola):<\/div>\n<div style=\"text-align: center;\">lentamente<\/div>\n<div style=\"text-align: center;\">bem ritmado<\/div>\n<div style=\"text-align: center;\">lento &#8211; animado &#8211; lento<\/div>\n<div style=\"text-align: center;\">vagaroso<\/div>\n<div style=\"text-align: center;\">vivo<\/div>\n<div style=\"text-align: center;\">moderado &#8211; ligeiro<\/div>\n<div style=\"text-align: center;\">prel\u00fadio n\u00ba 7 (bem chorado)<\/div>\n<div style=\"text-align: center;\"><\/div>\n<div style=\"text-align: center;\"><\/div>\n<div style=\"text-align: center;\"><\/div>\n","protected":false},"excerpt":{"rendered":"<p>Ol\u00e1 amigos cultos e ocultos! Andei dando uma filtrada nos coment\u00e1rios atrav\u00e9s de uma outra configura\u00e7\u00e3o para evitar os &#8216;spams&#8217;, mas pelo jeito espantou tamb\u00e9m os &#8216;cultos&#8217;. Mas tudo bem&#8230; acho que j\u00e1 estou come\u00e7ando a exigir demais de voc\u00eas. &hellip; <a href=\"https:\/\/www.toque-musicall.com\/?p=2977\">Continue lendo <span class=\"meta-nav\">&rarr;<\/span><\/a><\/p>\n","protected":false},"author":1,"featured_media":0,"comment_status":"open","ping_status":"closed","sticky":false,"template":"","format":"standard","meta":{"footnotes":""},"categories":[217],"tags":[],"class_list":["post-2977","post","type-post","status-publish","format-standard","hentry","category-selo-chantecler"],"_links":{"self":[{"href":"https:\/\/www.toque-musicall.com\/index.php?rest_route=\/wp\/v2\/posts\/2977","targetHints":{"allow":["GET"]}}],"collection":[{"href":"https:\/\/www.toque-musicall.com\/index.php?rest_route=\/wp\/v2\/posts"}],"about":[{"href":"https:\/\/www.toque-musicall.com\/index.php?rest_route=\/wp\/v2\/types\/post"}],"author":[{"embeddable":true,"href":"https:\/\/www.toque-musicall.com\/index.php?rest_route=\/wp\/v2\/users\/1"}],"replies":[{"embeddable":true,"href":"https:\/\/www.toque-musicall.com\/index.php?rest_route=%2Fwp%2Fv2%2Fcomments&post=2977"}],"version-history":[{"count":3,"href":"https:\/\/www.toque-musicall.com\/index.php?rest_route=\/wp\/v2\/posts\/2977\/revisions"}],"predecessor-version":[{"id":2980,"href":"https:\/\/www.toque-musicall.com\/index.php?rest_route=\/wp\/v2\/posts\/2977\/revisions\/2980"}],"wp:attachment":[{"href":"https:\/\/www.toque-musicall.com\/index.php?rest_route=%2Fwp%2Fv2%2Fmedia&parent=2977"}],"wp:term":[{"taxonomy":"category","embeddable":true,"href":"https:\/\/www.toque-musicall.com\/index.php?rest_route=%2Fwp%2Fv2%2Fcategories&post=2977"},{"taxonomy":"post_tag","embeddable":true,"href":"https:\/\/www.toque-musicall.com\/index.php?rest_route=%2Fwp%2Fv2%2Ftags&post=2977"}],"curies":[{"name":"wp","href":"https:\/\/api.w.org\/{rel}","templated":true}]}}