{"id":298,"date":"2011-09-25T19:19:00","date_gmt":"2011-09-25T19:19:00","guid":{"rendered":"http:\/\/www.toque-musicall.com\/?p=298"},"modified":"2011-09-25T19:19:00","modified_gmt":"2011-09-25T19:19:00","slug":"vera-lucia-confidencias-1959","status":"publish","type":"post","link":"https:\/\/www.toque-musicall.com\/?p=298","title":{"rendered":"Vera L\u00facia &#8211; Confid\u00eancias&#8230; (1959)"},"content":{"rendered":"<p><a href=\"http:\/\/3.bp.blogspot.com\/-561xMn_Nr_A\/Tn-EIt4_9bI\/AAAAAAAAAZw\/shPmtDHLOH0\/s1600\/Vera+lucia+P.JPG\"><img decoding=\"async\" style=\"display:block; margin:0px auto 10px; text-align:center;cursor:pointer; cursor:hand;width: 400px; height: 400px;\" src=\"http:\/\/3.bp.blogspot.com\/-561xMn_Nr_A\/Tn-EIt4_9bI\/AAAAAAAAAZw\/shPmtDHLOH0\/s400\/Vera+lucia+P.JPG\" border=\"0\" alt=\"\" id=\"BLOGGER_PHOTO_ID_5656384942293120434\" \/><\/a>Boa tarde, amigos cultos e ocultos! As vezes eu fico achando que n\u00e3o estou dando a devida aten\u00e7\u00e3o \u00e0s nossas cantoras, compositoras e instrumentistas. Por certo n\u00e3o \u00e9 a falta dessas artistas, que muito pelo contr\u00e1rio, tem at\u00e9 demais. Eu \u00e9 que acabo me esquecendo delas na hora de escolher qual disco postar. Para tirar essa cisma, vou aqui postando neste domingo o disco de uma grande artista, que por acaso era portuguesa, a cantora Vera L\u00facia. Ela surgiu no cen\u00e1rio musical brasileiro no final dos anos 40. Fazia parte do &#8216;cast&#8217; da R\u00e1dio Nacional. Gravou diversos discos de 78 rpm, pela Odeon e outros selos. Vera era uma \u00f3tima cantora e n\u00e3o trazia em sua voz qualquer sotaque portugu\u00eas. Isso talvez conferisse a ela uma maior identifica\u00e7\u00e3o com o p\u00fablico brasileiro. Chegou a ser a Rainha do R\u00e1dio em 1955, desbancando a popular Angela Maria. Recebeu a coroa\u00e7\u00e3o de outra portuguesa\/brasileira, a nossa Carmem Miranda, que estava de passagem pelo Brasil. Vera L\u00facia fez sucesso com m\u00fasicas como, &#8220;Amendoim torradinho&#8221;, &#8220;Molambo&#8221;, &#8220;Cansei de ilus\u00f5es&#8221;, entre outras&#8230; Em 1958 ela assinou contrato com a gravadora Sinter, onde lan\u00e7ou, no ano seguinte, este que o seu primeiro &#8216;long play&#8217;. Um \u00e1lbum realmente muito bom, com um repert\u00f3rio fino, praticamente todo de sambas, que j\u00e1 apontava para a Bossa Nova. H\u00e1 inclusive, na faixa de abertura, &#8220;Janela do mundo&#8221;, m\u00fasica de Billy Blanco, uma refer\u00eancia \u00e0 Bossa Nova. O termo, em 59, ainda era uma g\u00edria, que naquele momento come\u00e7ava a ganhar for\u00e7a. Refor\u00e7ando ainda mais o lance da bossa, no repert\u00f3rio encontramos composi\u00e7\u00f5es famosas de Antonio Carlos Jobim e Vin\u00edcius de Moraes, Dolores Duran e Ribamar, Djalma Ferreira, Cyro Monteiro e Radam\u00e9s. Vera L\u00facia vem acompanhada por c\u00f4ro e orquestra, sob a reg\u00eancia do Maestro Carlos Monteiro de Souza e participa\u00e7\u00e3o do violonista Z\u00e9 Menezes, em v\u00e1rias faixas do disco. Sem d\u00favida, um excelente e raro lp que vai agradar a muitos por aqui.<\/p>\n<div>N\u00e3o deixem de conferir \ud83d\ude09<\/div>\n<div><\/div>\n<div style=\"text-align: center;\">janela do mundo<\/div>\n<div style=\"text-align: center;\">brigas nunca mais<\/div>\n<div style=\"text-align: center;\">serenata do adeus<\/div>\n<div style=\"text-align: center;\">quem foi que prometeu<\/div>\n<div style=\"text-align: center;\">conversa<\/div>\n<div style=\"text-align: center;\">confid\u00eancias<\/div>\n<div style=\"text-align: center;\">se eu tiver<\/div>\n<div style=\"text-align: center;\">castigo<\/div>\n<div style=\"text-align: center;\">ideias erradas<\/div>\n<div style=\"text-align: center;\">amargura<\/div>\n<div style=\"text-align: center;\">recado<\/div>\n<div style=\"text-align: center;\">madame fulano de tal<\/div>\n<div style=\"text-align: center;\"><\/div>\n<div style=\"text-align: center;\"><\/div>\n","protected":false},"excerpt":{"rendered":"<p>Boa tarde, amigos cultos e ocultos! As vezes eu fico achando que n\u00e3o estou dando a devida aten\u00e7\u00e3o \u00e0s nossas cantoras, compositoras e instrumentistas. Por certo n\u00e3o \u00e9 a falta dessas artistas, que muito pelo contr\u00e1rio, tem at\u00e9 demais. Eu &hellip; <a href=\"https:\/\/www.toque-musicall.com\/?p=298\">Continue lendo <span class=\"meta-nav\">&rarr;<\/span><\/a><\/p>\n","protected":false},"author":1,"featured_media":0,"comment_status":"open","ping_status":"closed","sticky":false,"template":"","format":"standard","meta":{"footnotes":""},"categories":[261,452],"tags":[],"class_list":["post-298","post","type-post","status-publish","format-standard","hentry","category-selo-sinter","category-vera-lucia"],"_links":{"self":[{"href":"https:\/\/www.toque-musicall.com\/index.php?rest_route=\/wp\/v2\/posts\/298","targetHints":{"allow":["GET"]}}],"collection":[{"href":"https:\/\/www.toque-musicall.com\/index.php?rest_route=\/wp\/v2\/posts"}],"about":[{"href":"https:\/\/www.toque-musicall.com\/index.php?rest_route=\/wp\/v2\/types\/post"}],"author":[{"embeddable":true,"href":"https:\/\/www.toque-musicall.com\/index.php?rest_route=\/wp\/v2\/users\/1"}],"replies":[{"embeddable":true,"href":"https:\/\/www.toque-musicall.com\/index.php?rest_route=%2Fwp%2Fv2%2Fcomments&post=298"}],"version-history":[{"count":0,"href":"https:\/\/www.toque-musicall.com\/index.php?rest_route=\/wp\/v2\/posts\/298\/revisions"}],"wp:attachment":[{"href":"https:\/\/www.toque-musicall.com\/index.php?rest_route=%2Fwp%2Fv2%2Fmedia&parent=298"}],"wp:term":[{"taxonomy":"category","embeddable":true,"href":"https:\/\/www.toque-musicall.com\/index.php?rest_route=%2Fwp%2Fv2%2Fcategories&post=298"},{"taxonomy":"post_tag","embeddable":true,"href":"https:\/\/www.toque-musicall.com\/index.php?rest_route=%2Fwp%2Fv2%2Ftags&post=298"}],"curies":[{"name":"wp","href":"https:\/\/api.w.org\/{rel}","templated":true}]}}