{"id":2981,"date":"2013-04-11T09:03:49","date_gmt":"2013-04-11T12:03:49","guid":{"rendered":"http:\/\/www.toque-musicall.com\/?p=2981"},"modified":"2013-04-11T09:03:49","modified_gmt":"2013-04-11T12:03:49","slug":"ary-toledo-compacto-1965","status":"publish","type":"post","link":"https:\/\/www.toque-musicall.com\/?p=2981","title":{"rendered":"Ary Toledo &#8211; Compacto (1965)"},"content":{"rendered":"<p><img loading=\"lazy\" decoding=\"async\" class=\"aligncenter\" src=\"http:\/\/1.bp.blogspot.com\/-0p8ayMTK9iE\/UWafl0813oI\/AAAAAAAAGNI\/TO27EpZHPKc\/s400\/capap.JPG\" alt=\"\" width=\"400\" height=\"396\" \/><img loading=\"lazy\" decoding=\"async\" class=\"aligncenter\" src=\"http:\/\/3.bp.blogspot.com\/-jM5xgvXqbtA\/UWafg5UZn3I\/AAAAAAAAGNA\/AWFNPvfYAQ0\/s400\/contracapap.JPG\" alt=\"\" width=\"400\" height=\"391\" \/><\/p>\n<p>Gente culta e oculta, bom dia! Estou hoje t\u00e3o corrido que at\u00e9 me esqueci dos amigos&#8230; Enquanto tomo o meu caf\u00e9, aqui vai o post do dia, um simples compacto para n\u00e3o demorar&#8230; Se \u00e0 noite ainda sobrar um tempinho, incluo outro disquinho para complementar a &#8216;dieta&#8217;.<br \/>\nSegue aqui este compacto do Ary Toledo, quando ele era antes mais cantor\/compositor do que comediante, muito embora, em toda a sua trajet\u00f3ria, o humor sempre foi pontual. Temos aqui este compacto simples, lan\u00e7ado pela Fermanta em 1965. Vamos encontrar nele duas m\u00fasicas de sucesso, a \u00f3tima &#8220;Pau de arara&#8221;, composi\u00e7\u00e3o de Carlos Lyra e Vinicius de Moraes que retrata as desventuras de um nordestino na praia do Copacabana. Seria triste se n\u00e3o fosse c\u00f4mico. E tamb\u00e9m &#8220;Tiradentes&#8221;, composi\u00e7\u00e3o de Ary e Chico de Assis, contando a hist\u00f3ria de Joaquim Jos\u00e9 da Silva Xavier, numa moda de viola nordestina. N\u00e3o fosse o personagem o Tiradentes, talvez essa m\u00fasica n\u00e3o passasse pela censura. Mas aqui, desobedi\u00eancia civil (e tamb\u00e9m militar) p\u00f4de ser contada com duplo sentido, ou num entendimento mais cr\u00edtico, sei l\u00e1&#8230;<br \/>\nVai tamb\u00e9m incluido no pacote o compacto de 1969, j\u00e1 postado aqui h\u00e1 algum tempo atr\u00e1s, trazendo as faixas &#8220;Maria Clara&#8221; e &#8220;O que ser\u00e1 que as outras tem que a linda n\u00e3o tem?&#8221;.<\/p>\n<div style=\"text-align: center;\">pau de arara<\/div>\n<div style=\"text-align: center;\">tiradentes<\/div>\n<div style=\"text-align: center;\">maria clara<\/div>\n<div style=\"text-align: center;\">o que ser\u00e1 que as outras tem que a linda n\u00e3o tem<\/div>\n","protected":false},"excerpt":{"rendered":"<p>Gente culta e oculta, bom dia! Estou hoje t\u00e3o corrido que at\u00e9 me esqueci dos amigos&#8230; Enquanto tomo o meu caf\u00e9, aqui vai o post do dia, um simples compacto para n\u00e3o demorar&#8230; Se \u00e0 noite ainda sobrar um tempinho, &hellip; <a href=\"https:\/\/www.toque-musicall.com\/?p=2981\">Continue lendo <span class=\"meta-nav\">&rarr;<\/span><\/a><\/p>\n","protected":false},"author":1,"featured_media":0,"comment_status":"open","ping_status":"closed","sticky":false,"template":"","format":"standard","meta":{"footnotes":""},"categories":[564,439],"tags":[],"class_list":["post-2981","post","type-post","status-publish","format-standard","hentry","category-ary-toledo","category-selo-fermata"],"_links":{"self":[{"href":"https:\/\/www.toque-musicall.com\/index.php?rest_route=\/wp\/v2\/posts\/2981","targetHints":{"allow":["GET"]}}],"collection":[{"href":"https:\/\/www.toque-musicall.com\/index.php?rest_route=\/wp\/v2\/posts"}],"about":[{"href":"https:\/\/www.toque-musicall.com\/index.php?rest_route=\/wp\/v2\/types\/post"}],"author":[{"embeddable":true,"href":"https:\/\/www.toque-musicall.com\/index.php?rest_route=\/wp\/v2\/users\/1"}],"replies":[{"embeddable":true,"href":"https:\/\/www.toque-musicall.com\/index.php?rest_route=%2Fwp%2Fv2%2Fcomments&post=2981"}],"version-history":[{"count":1,"href":"https:\/\/www.toque-musicall.com\/index.php?rest_route=\/wp\/v2\/posts\/2981\/revisions"}],"predecessor-version":[{"id":2982,"href":"https:\/\/www.toque-musicall.com\/index.php?rest_route=\/wp\/v2\/posts\/2981\/revisions\/2982"}],"wp:attachment":[{"href":"https:\/\/www.toque-musicall.com\/index.php?rest_route=%2Fwp%2Fv2%2Fmedia&parent=2981"}],"wp:term":[{"taxonomy":"category","embeddable":true,"href":"https:\/\/www.toque-musicall.com\/index.php?rest_route=%2Fwp%2Fv2%2Fcategories&post=2981"},{"taxonomy":"post_tag","embeddable":true,"href":"https:\/\/www.toque-musicall.com\/index.php?rest_route=%2Fwp%2Fv2%2Ftags&post=2981"}],"curies":[{"name":"wp","href":"https:\/\/api.w.org\/{rel}","templated":true}]}}