{"id":2985,"date":"2013-04-12T22:11:46","date_gmt":"2013-04-13T01:11:46","guid":{"rendered":"http:\/\/www.toque-musicall.com\/?p=2985"},"modified":"2013-04-12T22:11:46","modified_gmt":"2013-04-13T01:11:46","slug":"marlui-miranda-rio-acima-1986","status":"publish","type":"post","link":"https:\/\/www.toque-musicall.com\/?p=2985","title":{"rendered":"Marlui Miranda &#8211; Rio Acima (1986)"},"content":{"rendered":"<p><img loading=\"lazy\" decoding=\"async\" class=\"aligncenter\" src=\"http:\/\/1.bp.blogspot.com\/-jk0YxKuUop0\/UWimtAIEcvI\/AAAAAAAAGNg\/KBflYhLVKqc\/s400\/capa+P.JPG\" alt=\"\" width=\"400\" height=\"399\" \/><img loading=\"lazy\" decoding=\"async\" class=\"aligncenter\" src=\"http:\/\/1.bp.blogspot.com\/-Rde_6rMXBLE\/UWimklHJ9sI\/AAAAAAAAGNY\/EMrUvlMgMyI\/s400\/contrap.JPG\" alt=\"\" width=\"400\" height=\"389\" \/><\/p>\n<div>Ol\u00e1 amigos cultos e ocultos! Abril \u00e9 um m\u00eas complicado para mim. Sempre cheio de muita coisa para fazer, da\u00ed n\u00e3o sobra tempo para o blog e nem para responder \u00e0s solicita\u00e7\u00f5es. Estou, dentro do poss\u00edvel, repondo os links pedidos. Tenham paci\u00eancia e enquanto isso, v\u00e3o curtido as novas postagens.<br \/>\nHoje, sexta feira, venho trazendo mais uma produ\u00e7\u00e3o independente. Pela primeira vez estou postando aqui no Toque Musical um disco da cantora e compositora cearense Marlui Miranda. J\u00e1 passava da hora de termos aqui algum trabalho desta artista, que tamb\u00e9m est\u00e1 entre as minhas favoritas. Marlui tem um trabalho muito pr\u00f3prio, uma m\u00fasica voltada para as quest\u00f5es ind\u00edgenas e ecol\u00f3gicas. Suas pequisas nessas \u00e1reas lhe renderam um reconhecimento internacional e v\u00e1rios pr\u00eamios. Trabalhou em filmes e document\u00e1rios, criando diversas trilhas. J\u00e1 tocou e se apresentou ao lado de grandes nomes como Egberto Gismonti, Gilberto Gil, Nana Vasconcellos e internacionais como Jack De Johnette e John Surman.<br \/>\n&#8220;Rio Acima&#8221; foi seu terceiro \u00e1lbum e traz al\u00e9m de suas composi\u00e7\u00f5es, m\u00fasicas como o cl\u00e1ssico &#8220;Na asa do vento&#8221;, de Luis Vieira e Jo\u00e3o do Vale e tamb\u00e9m &#8220;Volto pr\u00e1 curtir&#8221;, de Jards Macal\u00e9 e Waly Salom\u00e3o.<\/p>\n<div style=\"text-align: center;\">na asa do vento<\/div>\n<div style=\"text-align: center;\">tininim<\/div>\n<div style=\"text-align: center;\">morena bonita<\/div>\n<div style=\"text-align: center;\">volto pr\u00e1 curtir<\/div>\n<div style=\"text-align: center;\">lavandeira<\/div>\n<div style=\"text-align: center;\">na zagaia<\/div>\n<div style=\"text-align: center;\">do pil\u00e1<\/div>\n<div style=\"text-align: center;\">neliandra<\/div>\n<div style=\"text-align: center;\">no tempo do espicho<\/div>\n<div style=\"text-align: center;\"><\/div>\n<div style=\"text-align: center;\"><\/div>\n<\/div>\n<div style=\"text-align: center;\"><\/div>\n","protected":false},"excerpt":{"rendered":"<p>Ol\u00e1 amigos cultos e ocultos! Abril \u00e9 um m\u00eas complicado para mim. Sempre cheio de muita coisa para fazer, da\u00ed n\u00e3o sobra tempo para o blog e nem para responder \u00e0s solicita\u00e7\u00f5es. Estou, dentro do poss\u00edvel, repondo os links pedidos. &hellip; <a href=\"https:\/\/www.toque-musicall.com\/?p=2985\">Continue lendo <span class=\"meta-nav\">&rarr;<\/span><\/a><\/p>\n","protected":false},"author":1,"featured_media":0,"comment_status":"open","ping_status":"closed","sticky":false,"template":"","format":"standard","meta":{"footnotes":""},"categories":[2126,25],"tags":[],"class_list":["post-2985","post","type-post","status-publish","format-standard","hentry","category-marlui-miranda","category-selo-independente"],"_links":{"self":[{"href":"https:\/\/www.toque-musicall.com\/index.php?rest_route=\/wp\/v2\/posts\/2985","targetHints":{"allow":["GET"]}}],"collection":[{"href":"https:\/\/www.toque-musicall.com\/index.php?rest_route=\/wp\/v2\/posts"}],"about":[{"href":"https:\/\/www.toque-musicall.com\/index.php?rest_route=\/wp\/v2\/types\/post"}],"author":[{"embeddable":true,"href":"https:\/\/www.toque-musicall.com\/index.php?rest_route=\/wp\/v2\/users\/1"}],"replies":[{"embeddable":true,"href":"https:\/\/www.toque-musicall.com\/index.php?rest_route=%2Fwp%2Fv2%2Fcomments&post=2985"}],"version-history":[{"count":1,"href":"https:\/\/www.toque-musicall.com\/index.php?rest_route=\/wp\/v2\/posts\/2985\/revisions"}],"predecessor-version":[{"id":2986,"href":"https:\/\/www.toque-musicall.com\/index.php?rest_route=\/wp\/v2\/posts\/2985\/revisions\/2986"}],"wp:attachment":[{"href":"https:\/\/www.toque-musicall.com\/index.php?rest_route=%2Fwp%2Fv2%2Fmedia&parent=2985"}],"wp:term":[{"taxonomy":"category","embeddable":true,"href":"https:\/\/www.toque-musicall.com\/index.php?rest_route=%2Fwp%2Fv2%2Fcategories&post=2985"},{"taxonomy":"post_tag","embeddable":true,"href":"https:\/\/www.toque-musicall.com\/index.php?rest_route=%2Fwp%2Fv2%2Ftags&post=2985"}],"curies":[{"name":"wp","href":"https:\/\/api.w.org\/{rel}","templated":true}]}}