{"id":299,"date":"2011-09-24T18:20:00","date_gmt":"2011-09-24T18:20:00","guid":{"rendered":"http:\/\/www.toque-musicall.com\/?p=299"},"modified":"2011-09-24T18:20:00","modified_gmt":"2011-09-24T18:20:00","slug":"falam-de-mim-4-versoes-2011","status":"publish","type":"post","link":"https:\/\/www.toque-musicall.com\/?p=299","title":{"rendered":"Falam De Mim &#8211; 4 Vers\u00f5es (2011)"},"content":{"rendered":"<p><a href=\"http:\/\/3.bp.blogspot.com\/-3TtPUFYaML0\/Tn4fv5jfWOI\/AAAAAAAAAZo\/GyESVX0EQxM\/s1600\/Falam+de+Mim+p.JPG\"><img decoding=\"async\" style=\"display:block; margin:0px auto 10px; text-align:center;cursor:pointer; cursor:hand;width: 397px; height: 400px;\" src=\"http:\/\/3.bp.blogspot.com\/-3TtPUFYaML0\/Tn4fv5jfWOI\/AAAAAAAAAZo\/GyESVX0EQxM\/s400\/Falam+de+Mim+p.JPG\" border=\"0\" alt=\"\" id=\"BLOGGER_PHOTO_ID_5655993089787910370\" \/><\/a>Na sequ\u00eancia da dobradinha, aqui vai meu desabafo em forma de can\u00e7\u00e3o. Quatro vers\u00f5es de um samba de An\u00edbal Silva, \u00c9den Silva e Noel Rosa de Oliveira: &#8220;Falam de mim&#8221;. Uma del\u00edcia musical interpretada por Z\u00e9 da Gilda, Nana Caymmi, Jards Macal\u00e9 e Elza Soares. Gosto de todas as quatro vers\u00f5es. Maravilha de samba, que representa aqui o meu momento.<\/p>\n<div>Para completar, vai aqui um texto, bem apropriado, que me foi enviado pelo amigo Fred, da escritora e fil\u00f3sofa americana Ayn Rand que diz o seguinte:<\/div>\n<div><i>&#8220;Quando voc\u00ea perceber que, para produzir, precisa obter a autoriza\u00e7\u00e3o de quem n\u00e3o produz nada; quando comprovar que o dinheiro flui para quem negocia n\u00e3o com bens, mas com favores; quando perceber que muitos ficam ricos pelo suborno e por influ\u00eancia, mais que pelo trabalho, e que as leis n\u00e3o nos protegem deles, mas, pelo contr\u00e1rio, s\u00e3o eles que est\u00e3o protegidos de voc\u00ea; quando perceber que a corrup\u00e7\u00e3o \u00e9 recompensada e a honestidade se converte em auto-sacrif\u00edcio; ent\u00e3o poder\u00e1 afirmar, sem temor de errar, que a sua sociedade est\u00e1 condenada.&#8221;<\/i><\/div>\n<div><\/div>\n<div><\/div>\n<div><\/div>\n","protected":false},"excerpt":{"rendered":"<p>Na sequ\u00eancia da dobradinha, aqui vai meu desabafo em forma de can\u00e7\u00e3o. Quatro vers\u00f5es de um samba de An\u00edbal Silva, \u00c9den Silva e Noel Rosa de Oliveira: &#8220;Falam de mim&#8221;. Uma del\u00edcia musical interpretada por Z\u00e9 da Gilda, Nana Caymmi, &hellip; <a href=\"https:\/\/www.toque-musicall.com\/?p=299\">Continue lendo <span class=\"meta-nav\">&rarr;<\/span><\/a><\/p>\n","protected":false},"author":1,"featured_media":0,"comment_status":"open","ping_status":"closed","sticky":false,"template":"","format":"standard","meta":{"footnotes":""},"categories":[249,11,522],"tags":[],"class_list":["post-299","post","type-post","status-publish","format-standard","hentry","category-coletanea-toque-musical","category-exclusivos-do-toque-musical","category-falam-de-mim"],"_links":{"self":[{"href":"https:\/\/www.toque-musicall.com\/index.php?rest_route=\/wp\/v2\/posts\/299","targetHints":{"allow":["GET"]}}],"collection":[{"href":"https:\/\/www.toque-musicall.com\/index.php?rest_route=\/wp\/v2\/posts"}],"about":[{"href":"https:\/\/www.toque-musicall.com\/index.php?rest_route=\/wp\/v2\/types\/post"}],"author":[{"embeddable":true,"href":"https:\/\/www.toque-musicall.com\/index.php?rest_route=\/wp\/v2\/users\/1"}],"replies":[{"embeddable":true,"href":"https:\/\/www.toque-musicall.com\/index.php?rest_route=%2Fwp%2Fv2%2Fcomments&post=299"}],"version-history":[{"count":0,"href":"https:\/\/www.toque-musicall.com\/index.php?rest_route=\/wp\/v2\/posts\/299\/revisions"}],"wp:attachment":[{"href":"https:\/\/www.toque-musicall.com\/index.php?rest_route=%2Fwp%2Fv2%2Fmedia&parent=299"}],"wp:term":[{"taxonomy":"category","embeddable":true,"href":"https:\/\/www.toque-musicall.com\/index.php?rest_route=%2Fwp%2Fv2%2Fcategories&post=299"},{"taxonomy":"post_tag","embeddable":true,"href":"https:\/\/www.toque-musicall.com\/index.php?rest_route=%2Fwp%2Fv2%2Ftags&post=299"}],"curies":[{"name":"wp","href":"https:\/\/api.w.org\/{rel}","templated":true}]}}