{"id":2996,"date":"2013-04-17T23:49:19","date_gmt":"2013-04-18T02:49:19","guid":{"rendered":"http:\/\/www.toque-musicall.com\/?p=2996"},"modified":"2013-04-17T23:49:19","modified_gmt":"2013-04-18T02:49:19","slug":"marcus-vinicius-nordestino-1979","status":"publish","type":"post","link":"https:\/\/www.toque-musicall.com\/?p=2996","title":{"rendered":"Marcus Vinicius &#8211; Nordestino (1979)"},"content":{"rendered":"<p><img loading=\"lazy\" decoding=\"async\" class=\"aligncenter\" src=\"http:\/\/1.bp.blogspot.com\/-jG6DjKAIdC8\/UW88FCktDxI\/AAAAAAAAGP0\/_3IU_uolbhM\/s400\/capaP.JPG\" alt=\"\" width=\"400\" height=\"397\" \/><img loading=\"lazy\" decoding=\"async\" class=\"aligncenter\" src=\"http:\/\/4.bp.blogspot.com\/-7rv6ZFQHw4I\/UW88BRVp9VI\/AAAAAAAAGPs\/UVF-JASRjJI\/s400\/contraP.JPG\" alt=\"\" width=\"400\" height=\"398\" \/><\/p>\n<p>Boa noite, amigos cultos e ocultos! Hoje me baixou um des\u00e2nimo danado. Fiquei meio frustrado com uma s\u00e9rie de coisas que, em bloco, resolveram dar tudo errado. Tem \u00e9poca que \u00e9 assim, parece que o destino est\u00e1 tramando contra a gente. Mas antes que eu afunde de vez a cara no travesseiro para esquecer as decep\u00e7\u00f5es, deixa eu cumprir minha promessa e dar aqui o meu toque musical.<br \/>\nEscolhido no sorteio, quase como um dos meus &#8216;discos de gaveta&#8217;, este \u00e1lbum do cantor, compositor e produtor pernambucano Marcus Vin\u00edcius foi, sem d\u00favida, uma \u00f3tima op\u00e7\u00e3o. Este foi o terceiro \u00e1lbum do artista e como o segundo (tamb\u00e9m j\u00e1 postado aqui), &#8220;Nordestino&#8221; \u00e9 um lp totalmente autoral, onde mais uma vez Marcus Vinicius tem total liberdade de produ\u00e7\u00e3o. \u00c9 bom lembrar que ele sempre esteve ao lado do produtor Marcus Pereira e seu lend\u00e1rio selo. Marcus Vinicius foi diretor art\u00edstico, arranjador e instrumentista em muitos desses lan\u00e7amentos. No presente lp, gravado em 1979, temos um conjunto de m\u00fasicas que eu considero ainda melhores que nos \u00e1lbuns anteriores. Um trabalho que se aproxima mais do gosto comum, sem contudo perder na qualidade. Ele vem acompanhado por um time de bons m\u00fasicos que fazem dessa uma produ\u00e7\u00e3o de primeir\u00edssima. Infelizmente, este \u00e9 amis um daqueles \u00e1lbuns que nunca chegou a ter uma vers\u00e3o digital. Por isso \u00e9 que a gente insiste&#8230;<\/p>\n<div style=\"text-align: center;\">velho faceta<\/div>\n<div style=\"text-align: center;\">como se n\u00e3o bastasse<\/div>\n<div style=\"text-align: center;\">hora de voltar<\/div>\n<div style=\"text-align: center;\">por falar nisso<\/div>\n<div style=\"text-align: center;\">dona m\u00e1quina<\/div>\n<div style=\"text-align: center;\">evoca\u00e7\u00e3o final<\/div>\n<div style=\"text-align: center;\">s\u00f3lida<\/div>\n<div style=\"text-align: center;\">zona da mata<\/div>\n<div style=\"text-align: center;\">caboclo<\/div>\n<div style=\"text-align: center;\">a um passarinho<\/div>\n<div style=\"text-align: center;\">homem de pedra<\/div>\n<div style=\"text-align: center;\"><\/div>\n","protected":false},"excerpt":{"rendered":"<p>Boa noite, amigos cultos e ocultos! Hoje me baixou um des\u00e2nimo danado. Fiquei meio frustrado com uma s\u00e9rie de coisas que, em bloco, resolveram dar tudo errado. Tem \u00e9poca que \u00e9 assim, parece que o destino est\u00e1 tramando contra a &hellip; <a href=\"https:\/\/www.toque-musicall.com\/?p=2996\">Continue lendo <span class=\"meta-nav\">&rarr;<\/span><\/a><\/p>\n","protected":false},"author":1,"featured_media":0,"comment_status":"open","ping_status":"closed","sticky":false,"template":"","format":"standard","meta":{"footnotes":""},"categories":[1429,130],"tags":[],"class_list":["post-2996","post","type-post","status-publish","format-standard","hentry","category-marcus-vinicius","category-selo-marcus-pereira"],"_links":{"self":[{"href":"https:\/\/www.toque-musicall.com\/index.php?rest_route=\/wp\/v2\/posts\/2996","targetHints":{"allow":["GET"]}}],"collection":[{"href":"https:\/\/www.toque-musicall.com\/index.php?rest_route=\/wp\/v2\/posts"}],"about":[{"href":"https:\/\/www.toque-musicall.com\/index.php?rest_route=\/wp\/v2\/types\/post"}],"author":[{"embeddable":true,"href":"https:\/\/www.toque-musicall.com\/index.php?rest_route=\/wp\/v2\/users\/1"}],"replies":[{"embeddable":true,"href":"https:\/\/www.toque-musicall.com\/index.php?rest_route=%2Fwp%2Fv2%2Fcomments&post=2996"}],"version-history":[{"count":1,"href":"https:\/\/www.toque-musicall.com\/index.php?rest_route=\/wp\/v2\/posts\/2996\/revisions"}],"predecessor-version":[{"id":2997,"href":"https:\/\/www.toque-musicall.com\/index.php?rest_route=\/wp\/v2\/posts\/2996\/revisions\/2997"}],"wp:attachment":[{"href":"https:\/\/www.toque-musicall.com\/index.php?rest_route=%2Fwp%2Fv2%2Fmedia&parent=2996"}],"wp:term":[{"taxonomy":"category","embeddable":true,"href":"https:\/\/www.toque-musicall.com\/index.php?rest_route=%2Fwp%2Fv2%2Fcategories&post=2996"},{"taxonomy":"post_tag","embeddable":true,"href":"https:\/\/www.toque-musicall.com\/index.php?rest_route=%2Fwp%2Fv2%2Ftags&post=2996"}],"curies":[{"name":"wp","href":"https:\/\/api.w.org\/{rel}","templated":true}]}}