{"id":2999,"date":"2013-04-18T21:55:08","date_gmt":"2013-04-19T00:55:08","guid":{"rendered":"http:\/\/www.toque-musicall.com\/?p=2999"},"modified":"2013-04-18T21:55:08","modified_gmt":"2013-04-19T00:55:08","slug":"grupo-manifesto-manifesto-musical-1967","status":"publish","type":"post","link":"https:\/\/www.toque-musicall.com\/?p=2999","title":{"rendered":"Grupo Manifesto &#8211; Manifesto Musical (1967)"},"content":{"rendered":"<p><img loading=\"lazy\" decoding=\"async\" class=\"aligncenter\" src=\"http:\/\/3.bp.blogspot.com\/-ELr6eBG0Nps\/UW_cVq7c9zI\/AAAAAAAAGQM\/qoapyb7gT9Y\/s400\/capaP.JPG\" alt=\"\" width=\"400\" height=\"399\" \/><img loading=\"lazy\" decoding=\"async\" class=\"aligncenter\" src=\"http:\/\/3.bp.blogspot.com\/-9kNSNNHqi-4\/UW_cRArR8fI\/AAAAAAAAGQE\/JgJlcpELOjE\/s400\/contracapap.JPG\" alt=\"\" width=\"400\" height=\"398\" \/><\/p>\n<p>Ol\u00e1, amigos cultos e ocultos! Apenas para que voc\u00eas tenham uma ideia da situa\u00e7\u00e3o aqui no blog, chegamos a mais de 100 solicita\u00e7\u00f5es de reposi\u00e7\u00e3o de links no GTM. N\u00e3o se trata de m\u00e1 vontade, apenas falta de tempo mesmo. Repor toda discoteca j\u00e1 apresentada aqui no Toque Musical \u00e9 um trabalho de H\u00e9rcules, toma o mesmo tempo de exist\u00eancia do blog. Assim sendo, vou atendendo os pedidos conforme a ordem de chegada, mas sempre priorizando a postagem do dia. Se querem ouvir os toques musicais, fiquem atentos! A coisa \u00e9 di\u00e1ria.<br \/>\nFeito um manifesto inicial, mando agora mais um, o &#8220;Manifesto Musical&#8221;, disco de estr\u00e9ia Grupo Manifesto, lan\u00e7ado em 1967, pela Elenco. Postei h\u00e1 algum tempo atr\u00e1s o &#8220;<a href=\"https:\/\/www.toque-musicall.com\/?p=1012\">N\u00ba 2<\/a>&#8220;, invertendo sem pensar essa sequ\u00eancia, mas tudo bem. O que conta \u00e9 que este \u00e9 ainda mais imprescind\u00edvel nas fileiras do Toque Musical e algum dia teria que ser postado. Eis a\u00ed&#8230; um \u00e1lbum nota 10, tendo como carro chefe a premiada &#8220;Margarida&#8221;, do II Festival Internacional da Can\u00e7\u00e3o Popular de 1967, uma composi\u00e7\u00e3o de Gutemberg Guarabyra. H\u00e1 um conjunto de m\u00fasicas realmente delicioso, mas destacaria tamb\u00e9m &#8220;Manifesto&#8221; e\u00a0&#8220;Cabra Macho&#8221;, de Guto Gra\u00e7a Melo e Mariozinho Rocha. Outra tamb\u00e9m destac\u00e1vel \u00e9 a bel\u00edssima &#8220;Desencontro&#8221;, de Amaury Trist\u00e3o e M\u00e1rio Telles, este \u00faltimo, por sinal participa tamb\u00e9m na faixa, cantando ao lado de Gracinha Leporace. Quem ainda n\u00e3o ouviu, fa\u00e7a-me o favor&#8230;<\/p>\n<div style=\"text-align: center;\">margarida<\/div>\n<div style=\"text-align: center;\">desencontro<\/div>\n<div style=\"text-align: center;\">manifesto<\/div>\n<div style=\"text-align: center;\">o mundo \u00e9 nosso<\/div>\n<div style=\"text-align: center;\">amor ausente<\/div>\n<div style=\"text-align: center;\">al\u00e9m do infinito<\/div>\n<div style=\"text-align: center;\">can\u00e7ao de esperar voc\u00ea<\/div>\n<div style=\"text-align: center;\">garota esquerdinha<\/div>\n<div style=\"text-align: center;\">mil c\u00f4res<\/div>\n<div style=\"text-align: center;\">cabra macho<\/div>\n<div style=\"text-align: center;\">brasil d\u00e1 samba<\/div>\n<div style=\"text-align: center;\">por exemplo voc\u00ea<\/div>\n<div style=\"text-align: center;\"><\/div>\n","protected":false},"excerpt":{"rendered":"<p>Ol\u00e1, amigos cultos e ocultos! Apenas para que voc\u00eas tenham uma ideia da situa\u00e7\u00e3o aqui no blog, chegamos a mais de 100 solicita\u00e7\u00f5es de reposi\u00e7\u00e3o de links no GTM. N\u00e3o se trata de m\u00e1 vontade, apenas falta de tempo mesmo. &hellip; <a href=\"https:\/\/www.toque-musicall.com\/?p=2999\">Continue lendo <span class=\"meta-nav\">&rarr;<\/span><\/a><\/p>\n","protected":false},"author":1,"featured_media":0,"comment_status":"open","ping_status":"closed","sticky":false,"template":"","format":"standard","meta":{"footnotes":""},"categories":[943,427],"tags":[],"class_list":["post-2999","post","type-post","status-publish","format-standard","hentry","category-grupo-manifesto","category-selo-elenco"],"_links":{"self":[{"href":"https:\/\/www.toque-musicall.com\/index.php?rest_route=\/wp\/v2\/posts\/2999","targetHints":{"allow":["GET"]}}],"collection":[{"href":"https:\/\/www.toque-musicall.com\/index.php?rest_route=\/wp\/v2\/posts"}],"about":[{"href":"https:\/\/www.toque-musicall.com\/index.php?rest_route=\/wp\/v2\/types\/post"}],"author":[{"embeddable":true,"href":"https:\/\/www.toque-musicall.com\/index.php?rest_route=\/wp\/v2\/users\/1"}],"replies":[{"embeddable":true,"href":"https:\/\/www.toque-musicall.com\/index.php?rest_route=%2Fwp%2Fv2%2Fcomments&post=2999"}],"version-history":[{"count":1,"href":"https:\/\/www.toque-musicall.com\/index.php?rest_route=\/wp\/v2\/posts\/2999\/revisions"}],"predecessor-version":[{"id":3000,"href":"https:\/\/www.toque-musicall.com\/index.php?rest_route=\/wp\/v2\/posts\/2999\/revisions\/3000"}],"wp:attachment":[{"href":"https:\/\/www.toque-musicall.com\/index.php?rest_route=%2Fwp%2Fv2%2Fmedia&parent=2999"}],"wp:term":[{"taxonomy":"category","embeddable":true,"href":"https:\/\/www.toque-musicall.com\/index.php?rest_route=%2Fwp%2Fv2%2Fcategories&post=2999"},{"taxonomy":"post_tag","embeddable":true,"href":"https:\/\/www.toque-musicall.com\/index.php?rest_route=%2Fwp%2Fv2%2Ftags&post=2999"}],"curies":[{"name":"wp","href":"https:\/\/api.w.org\/{rel}","templated":true}]}}