{"id":3004,"date":"2013-04-20T23:37:49","date_gmt":"2013-04-21T02:37:49","guid":{"rendered":"http:\/\/www.toque-musicall.com\/?p=3004"},"modified":"2013-04-20T23:37:49","modified_gmt":"2013-04-21T02:37:49","slug":"sylvio-mazzucca-e-sua-orquestra-conheca-o-brasil-1972","status":"publish","type":"post","link":"https:\/\/www.toque-musicall.com\/?p=3004","title":{"rendered":"Sylvio Mazzucca E Sua Orquestra &#8211; Conhe\u00e7a O Brasil (1972)"},"content":{"rendered":"<p><img loading=\"lazy\" decoding=\"async\" class=\"aligncenter\" src=\"http:\/\/3.bp.blogspot.com\/-MZrBQ2oVfgg\/UXNPgqgh7ZI\/AAAAAAAAGRM\/_1XpVkOVtaw\/s400\/capaP.JPG\" alt=\"\" width=\"400\" height=\"398\" \/><img loading=\"lazy\" decoding=\"async\" class=\"aligncenter\" src=\"http:\/\/3.bp.blogspot.com\/-Ko0SqR1uspM\/UXNPc_APqwI\/AAAAAAAAGRE\/yBjNtvHcc5Q\/s400\/contrap.JPG\" alt=\"\" width=\"400\" height=\"396\" \/><\/p>\n<div>Boa noite, amigos cultos e ocultos! Estive pensando aqui, acho que vou voltar ao velho esquema de s\u00f3 enviar o link para o GTM caso haja alguma solicita\u00e7\u00e3o. J\u00e1 fiz duas novas postagens e ningu\u00e9m reclamou pedindo os links. Uma prova de que a casa anda mais vazia e desinteressante que reuni\u00e3o de condom\u00ednio. Contudo, ou melhor, sem nada, ainda assim o toque continua di\u00e1rio. E \u00e9 justamente nesses momentos que eu gosto de postar aqueles discos raros que ningu\u00e9m tem, s\u00f3 pro n\u00eago ficar esperto e ver depois o que perdeu.<\/div>\n<div>Para este fim de s\u00e1bado eu trago para voc\u00eas um \u00e1lbum muito legal, um disco raro e feito por encomenda. Trata-se de um lp promocional, do selo Continental, feito exclusivamente para a Varig em 1972. Aqui vamos encontrar o maestro Sylvio Mazzucca e sua orquestra fazendo uma viagem por diferentes pontos do Brasil. Um &#8220;tour&#8217; musical da melhor qualidade, sendo todas as m\u00fasicas de autoria do compositor Archimedes Messina, aquele tamb\u00e9m autor da marchinha de abertura dos programas do Silvio Santos (Silvio Santos vem a\u00ed&#8230;) No \u00e1lbum &#8220;Conhe\u00e7a o Brasil&#8221; temos doze m\u00fasicas representando alguns dos Estados brasileiros. A m\u00fasica em cada qual procura refletir os variados g\u00eaneros referentes \u00e0 regi\u00e3o. Os arranjos e orquestra\u00e7\u00e3o de Sylvio ficaram magn\u00edficos, dando a todas as faixas um grau de qualidade ainda maior. Querem conferir? Ent\u00e3o pe\u00e7am o link e corram para o GTM \ud83d\ude09<\/div>\n<div><\/div>\n<div>\n<div style=\"text-align: center;\">rio grande do sul<\/div>\n<\/div>\n<div style=\"text-align: center;\">\n<div>santa catarina<\/div>\n<\/div>\n<div style=\"text-align: center;\">\n<div>paran\u00e1<\/div>\n<\/div>\n<div style=\"text-align: center;\">\n<div>s\u00e3o paulo<\/div>\n<\/div>\n<div style=\"text-align: center;\">\n<div>minas gerais<\/div>\n<\/div>\n<div style=\"text-align: center;\">\n<div>rio de janeiro<\/div>\n<\/div>\n<div style=\"text-align: center;\">\n<div>bahia<\/div>\n<\/div>\n<div style=\"text-align: center;\">\n<div>paraiba<\/div>\n<\/div>\n<div style=\"text-align: center;\">\n<div>pernambuco<\/div>\n<\/div>\n<div style=\"text-align: center;\">\n<div>bras\u00edlia<\/div>\n<\/div>\n<div style=\"text-align: center;\">\n<div>cear\u00e1<\/div>\n<\/div>\n<div>\n<div style=\"text-align: center;\">amazonas<\/div>\n<div style=\"text-align: center;\"><\/div>\n<div style=\"text-align: center;\"><\/div>\n<\/div>\n","protected":false},"excerpt":{"rendered":"<p>Boa noite, amigos cultos e ocultos! Estive pensando aqui, acho que vou voltar ao velho esquema de s\u00f3 enviar o link para o GTM caso haja alguma solicita\u00e7\u00e3o. J\u00e1 fiz duas novas postagens e ningu\u00e9m reclamou pedindo os links. Uma &hellip; <a href=\"https:\/\/www.toque-musicall.com\/?p=3004\">Continue lendo <span class=\"meta-nav\">&rarr;<\/span><\/a><\/p>\n","protected":false},"author":1,"featured_media":0,"comment_status":"open","ping_status":"closed","sticky":false,"template":"","format":"standard","meta":{"footnotes":""},"categories":[2131,40,513],"tags":[],"class_list":["post-3004","post","type-post","status-publish","format-standard","hentry","category-archimedes-messina","category-selo-continental","category-sylvio-mazzucca"],"_links":{"self":[{"href":"https:\/\/www.toque-musicall.com\/index.php?rest_route=\/wp\/v2\/posts\/3004","targetHints":{"allow":["GET"]}}],"collection":[{"href":"https:\/\/www.toque-musicall.com\/index.php?rest_route=\/wp\/v2\/posts"}],"about":[{"href":"https:\/\/www.toque-musicall.com\/index.php?rest_route=\/wp\/v2\/types\/post"}],"author":[{"embeddable":true,"href":"https:\/\/www.toque-musicall.com\/index.php?rest_route=\/wp\/v2\/users\/1"}],"replies":[{"embeddable":true,"href":"https:\/\/www.toque-musicall.com\/index.php?rest_route=%2Fwp%2Fv2%2Fcomments&post=3004"}],"version-history":[{"count":1,"href":"https:\/\/www.toque-musicall.com\/index.php?rest_route=\/wp\/v2\/posts\/3004\/revisions"}],"predecessor-version":[{"id":3005,"href":"https:\/\/www.toque-musicall.com\/index.php?rest_route=\/wp\/v2\/posts\/3004\/revisions\/3005"}],"wp:attachment":[{"href":"https:\/\/www.toque-musicall.com\/index.php?rest_route=%2Fwp%2Fv2%2Fmedia&parent=3004"}],"wp:term":[{"taxonomy":"category","embeddable":true,"href":"https:\/\/www.toque-musicall.com\/index.php?rest_route=%2Fwp%2Fv2%2Fcategories&post=3004"},{"taxonomy":"post_tag","embeddable":true,"href":"https:\/\/www.toque-musicall.com\/index.php?rest_route=%2Fwp%2Fv2%2Ftags&post=3004"}],"curies":[{"name":"wp","href":"https:\/\/api.w.org\/{rel}","templated":true}]}}