{"id":301,"date":"2011-09-23T12:00:00","date_gmt":"2011-09-23T12:00:00","guid":{"rendered":"http:\/\/www.toque-musicall.com\/?p=301"},"modified":"2011-09-23T12:00:00","modified_gmt":"2011-09-23T12:00:00","slug":"radames-gnattali-ao-vivo-1984","status":"publish","type":"post","link":"https:\/\/www.toque-musicall.com\/?p=301","title":{"rendered":"Radam\u00e9s Gnattali &#8211; Ao Vivo (1984)"},"content":{"rendered":"<p><a href=\"http:\/\/1.bp.blogspot.com\/-7QOVjK7XCf8\/Tnx1NHZGI0I\/AAAAAAAAAZY\/2pg-WDsIDig\/s1600\/rada+P.JPG\"><span style=\"color: rgb(0, 0, 0); -webkit-text-decorations-in-effect: none; \"><\/span><\/a><a href=\"http:\/\/1.bp.blogspot.com\/-7QOVjK7XCf8\/Tnx1NHZGI0I\/AAAAAAAAAZY\/2pg-WDsIDig\/s1600\/rada+P.JPG\"><img decoding=\"async\" style=\"text-align: left;display: block; margin-top: 0px; margin-right: auto; margin-bottom: 10px; margin-left: auto; cursor: pointer; width: 397px; height: 400px; \" src=\"http:\/\/1.bp.blogspot.com\/-7QOVjK7XCf8\/Tnx1NHZGI0I\/AAAAAAAAAZY\/2pg-WDsIDig\/s400\/rada+P.JPG\" border=\"0\" alt=\"\" id=\"BLOGGER_PHOTO_ID_5655524100253557570\" \/><\/a><\/p>\n<div><\/div>\n<div>Ol\u00e1, amigos cultos e ocultos! Estou me sentido hoje como se estivesse iniciando um novo blog. O que n\u00e3o deixa de ser uma verdade, afinal este aqui renasce com uma outra fachada (n\u00e3o muito diferente do anterior, para que n\u00e3o perca a sua identidade e prop\u00f3sito). <\/div>\n<div>Eu havia preparado um desabafo longo e protestante, mas achei melhor faz\u00ea-lo num outro momento, bem porque hoje \u00e9 sexta feira, dia do \u00e1lbum\/artista independente e eu escolhi a dedo o disco que hoje abre oficialmente a nova vers\u00e3o do Toque Musical. Tenho o prazer de abri a casa com este bel\u00edssimo disco do Mestre Radam\u00e9s Gnattali. Um \u00e1lbum de produ\u00e7\u00e3o  independente, lan\u00e7ado pela Editora 3\u00ba Mundo (que me parece, era do compositor e violonista Francisco M\u00e1rio, irm\u00e3o do cartunista Henfil). Aqui encontramos Radam\u00e9s Gnattali solo ao piano, em uma apresenta\u00e7\u00e3o na Sala Cec\u00edlia Meireles. Nesta grava\u00e7\u00e3o ao vivo temos nove cl\u00e1ssicos da MPB em improvisos desconcertantes (hehehe&#8230;) que s\u00f3 mesmo um Radam\u00e9s seria capaz.<\/div>\n<div>Para um dia de renascimento, este \u00e1lbum \u00e9 a melhor trilha \ud83d\ude09<\/div>\n<div><\/div>\n<div style=\"text-align: center;\">carinhoso<\/div>\n<div style=\"text-align: center;\">ponteio<\/div>\n<div style=\"text-align: center;\">preciso aprender a ser s\u00f3<\/div>\n<div style=\"text-align: center;\">corcovado<\/div>\n<div style=\"text-align: center;\">chovendo na roseira<\/div>\n<div style=\"text-align: center;\">manh\u00e3 se carnaval<\/div>\n<div style=\"text-align: center;\">cochicho<\/div>\n<div style=\"text-align: center;\">do lago \u00e0 cachoeira<\/div>\n<div style=\"text-align: center;\">nova ilus\u00e3o<\/div>\n<div style=\"text-align: center;\"><\/div>\n<div style=\"text-align: center;\"><\/div>\n","protected":false},"excerpt":{"rendered":"<p>Ol\u00e1, amigos cultos e ocultos! Estou me sentido hoje como se estivesse iniciando um novo blog. O que n\u00e3o deixa de ser uma verdade, afinal este aqui renasce com uma outra fachada (n\u00e3o muito diferente do anterior, para que n\u00e3o &hellip; <a href=\"https:\/\/www.toque-musicall.com\/?p=301\">Continue lendo <span class=\"meta-nav\">&rarr;<\/span><\/a><\/p>\n","protected":false},"author":1,"featured_media":0,"comment_status":"open","ping_status":"closed","sticky":false,"template":"","format":"standard","meta":{"footnotes":""},"categories":[396,25],"tags":[],"class_list":["post-301","post","type-post","status-publish","format-standard","hentry","category-radames-gnattali","category-selo-independente"],"_links":{"self":[{"href":"https:\/\/www.toque-musicall.com\/index.php?rest_route=\/wp\/v2\/posts\/301","targetHints":{"allow":["GET"]}}],"collection":[{"href":"https:\/\/www.toque-musicall.com\/index.php?rest_route=\/wp\/v2\/posts"}],"about":[{"href":"https:\/\/www.toque-musicall.com\/index.php?rest_route=\/wp\/v2\/types\/post"}],"author":[{"embeddable":true,"href":"https:\/\/www.toque-musicall.com\/index.php?rest_route=\/wp\/v2\/users\/1"}],"replies":[{"embeddable":true,"href":"https:\/\/www.toque-musicall.com\/index.php?rest_route=%2Fwp%2Fv2%2Fcomments&post=301"}],"version-history":[{"count":0,"href":"https:\/\/www.toque-musicall.com\/index.php?rest_route=\/wp\/v2\/posts\/301\/revisions"}],"wp:attachment":[{"href":"https:\/\/www.toque-musicall.com\/index.php?rest_route=%2Fwp%2Fv2%2Fmedia&parent=301"}],"wp:term":[{"taxonomy":"category","embeddable":true,"href":"https:\/\/www.toque-musicall.com\/index.php?rest_route=%2Fwp%2Fv2%2Fcategories&post=301"},{"taxonomy":"post_tag","embeddable":true,"href":"https:\/\/www.toque-musicall.com\/index.php?rest_route=%2Fwp%2Fv2%2Ftags&post=301"}],"curies":[{"name":"wp","href":"https:\/\/api.w.org\/{rel}","templated":true}]}}