{"id":3017,"date":"2013-05-01T01:29:47","date_gmt":"2013-05-01T04:29:47","guid":{"rendered":"http:\/\/www.toque-musicall.com\/?p=3017"},"modified":"2013-05-01T01:29:47","modified_gmt":"2013-05-01T04:29:47","slug":"no-mundo-do-samba-vol-2-1956","status":"publish","type":"post","link":"https:\/\/www.toque-musicall.com\/?p=3017","title":{"rendered":"No Mundo Do Samba Vol. 2 (1956)"},"content":{"rendered":"<p><img loading=\"lazy\" decoding=\"async\" class=\"aligncenter\" src=\"http:\/\/1.bp.blogspot.com\/-tCV5IlHxL3A\/UYCO49bKa4I\/AAAAAAAAGTU\/7y2Wm_eJgQ8\/s400\/capa+p.JPG\" alt=\"\" width=\"400\" height=\"391\" \/><img loading=\"lazy\" decoding=\"async\" class=\"aligncenter\" src=\"http:\/\/1.bp.blogspot.com\/-AoXMG-lOiAM\/UYCO0U39dSI\/AAAAAAAAGTM\/ROjXoNsL6pI\/s400\/contra+p.JPG\" alt=\"\" width=\"399\" height=\"400\" \/><\/p>\n<div>\n<div>Ol\u00e1 amigos cultos e ocultos! Este ano est\u00e1 realmente complicado para mim. Al\u00e9m do tempo sempre curto, me surgem tamb\u00e9m outros problemas como o meu computador central, que de uns tempos para c\u00e1 resolveu apresentar defeitos. Depois de uma semana, consegui faz\u00ea-lo funcionar, mas a &#8216;inhaca&#8217; continua. Se eu o desligar, dificilmente voltar\u00e1 a ativa. Assim, vou mantendo o bicho ligado at\u00e9 onde for poss\u00edvel ou enquanto n\u00e3o providencio outro computador. O chato disso tudo \u00e9 ter que reinstalar os meus programas, alguns inclusive, nem rodar\u00e3o numa vers\u00e3o mais nova do Windows. \u00c9 quase como come\u00e7ar tudo de novo, saco&#8230;<\/div>\n<div>Mas enquanto temos f\u00f4lego, vamos ao mergulho musical, de volta ao passado. Trago nesse in\u00edcio de madrugada mais um dos muitos lps de 10 polegadas lan\u00e7ado pela Musidisc, de Nilo S\u00e9rgio, Temos aqui o volume 2 da colet\u00e2nea &#8220;No mundo do samba&#8221;, lan\u00e7ado em 1956. Entre os anos de 55 e 56 a gravadora publicou diversos t\u00edtulos, inclusive a s\u00e9rie &#8220;No mundo&#8230;&#8221; apresentando n\u00e3o apenas o samba, mas tamb\u00e9m o bai\u00e3o, o tango, a valsa e o bolero, como podemos ver na contracapa deste lp. Est\u00e3o reunidos alguns artistas como o Leal Brito, Renata Fronzi, Trio Surdina e tamb\u00e9m Djalma Ferreira que aqui comparece em tr\u00eas faixas. H\u00e1 tamb\u00e9m uma faixa com a ga\u00facha Horacina Corr\u00eaa, cantora que ficou famosa seguindo a linha e estilo de Carmem Miranda. Segundo informa\u00e7\u00f5es, ela fazia na Argentina o mesmo sucesso que fez a Carmem nos &#8216;States&#8217;.<\/div>\n<div><\/div>\n<div style=\"text-align: center;\">samba no perroquet &#8211; djalma ferreira<\/div>\n<div style=\"text-align: center;\">cabelos brancos \/ tu \/ feiti\u00e7o da vila &#8211; leal brito<\/div>\n<div style=\"text-align: center;\">na madrugada &#8211; trio surdina<\/div>\n<div style=\"text-align: center;\">prometi &#8211; renata fronzi<\/div>\n<div style=\"text-align: center;\">corcovado &#8211; leal brito<\/div>\n<div style=\"text-align: center;\">quero ver voc\u00ea chorar &#8211; horacina correa<\/div>\n<div style=\"text-align: center;\">samba para americano &#8211; djalma correa<\/div>\n<div style=\"text-align: center;\">eu j\u00e1 n\u00e3o sei &#8211; djalma ferreira<\/div>\n<div style=\"text-align: center;\"><\/div>\n<div><\/div>\n<\/div>\n<div><\/div>\n","protected":false},"excerpt":{"rendered":"<p>Ol\u00e1 amigos cultos e ocultos! Este ano est\u00e1 realmente complicado para mim. Al\u00e9m do tempo sempre curto, me surgem tamb\u00e9m outros problemas como o meu computador central, que de uns tempos para c\u00e1 resolveu apresentar defeitos. Depois de uma semana, &hellip; <a href=\"https:\/\/www.toque-musicall.com\/?p=3017\">Continue lendo <span class=\"meta-nav\">&rarr;<\/span><\/a><\/p>\n","protected":false},"author":1,"featured_media":0,"comment_status":"open","ping_status":"closed","sticky":false,"template":"","format":"standard","meta":{"footnotes":""},"categories":[707,2132,864,862,35],"tags":[],"class_list":["post-3017","post","type-post","status-publish","format-standard","hentry","category-djalma-ferreira-e-seu-conjunto","category-horacina-correa","category-leal-brito","category-renata-fronzi","category-selo-musidisc"],"_links":{"self":[{"href":"https:\/\/www.toque-musicall.com\/index.php?rest_route=\/wp\/v2\/posts\/3017","targetHints":{"allow":["GET"]}}],"collection":[{"href":"https:\/\/www.toque-musicall.com\/index.php?rest_route=\/wp\/v2\/posts"}],"about":[{"href":"https:\/\/www.toque-musicall.com\/index.php?rest_route=\/wp\/v2\/types\/post"}],"author":[{"embeddable":true,"href":"https:\/\/www.toque-musicall.com\/index.php?rest_route=\/wp\/v2\/users\/1"}],"replies":[{"embeddable":true,"href":"https:\/\/www.toque-musicall.com\/index.php?rest_route=%2Fwp%2Fv2%2Fcomments&post=3017"}],"version-history":[{"count":1,"href":"https:\/\/www.toque-musicall.com\/index.php?rest_route=\/wp\/v2\/posts\/3017\/revisions"}],"predecessor-version":[{"id":3018,"href":"https:\/\/www.toque-musicall.com\/index.php?rest_route=\/wp\/v2\/posts\/3017\/revisions\/3018"}],"wp:attachment":[{"href":"https:\/\/www.toque-musicall.com\/index.php?rest_route=%2Fwp%2Fv2%2Fmedia&parent=3017"}],"wp:term":[{"taxonomy":"category","embeddable":true,"href":"https:\/\/www.toque-musicall.com\/index.php?rest_route=%2Fwp%2Fv2%2Fcategories&post=3017"},{"taxonomy":"post_tag","embeddable":true,"href":"https:\/\/www.toque-musicall.com\/index.php?rest_route=%2Fwp%2Fv2%2Ftags&post=3017"}],"curies":[{"name":"wp","href":"https:\/\/api.w.org\/{rel}","templated":true}]}}