{"id":3019,"date":"2013-05-01T14:16:10","date_gmt":"2013-05-01T17:16:10","guid":{"rendered":"http:\/\/www.toque-musicall.com\/?p=3019"},"modified":"2013-05-01T14:16:10","modified_gmt":"2013-05-01T17:16:10","slug":"martinha-1968","status":"publish","type":"post","link":"https:\/\/www.toque-musicall.com\/?p=3019","title":{"rendered":"Martinha (1968)"},"content":{"rendered":"<p><img loading=\"lazy\" decoding=\"async\" class=\"aligncenter\" src=\"http:\/\/1.bp.blogspot.com\/-FmxoG_1uHWw\/UYE-N0mDQPI\/AAAAAAAAGTs\/_sZ0omRnq0I\/s400\/capa+P.JPG\" alt=\"\" width=\"400\" height=\"392\" \/><img loading=\"lazy\" decoding=\"async\" class=\"aligncenter\" src=\"http:\/\/4.bp.blogspot.com\/-2UsJmHkrSxo\/UYE-G-Hxl9I\/AAAAAAAAGTk\/qio7A2lVUCs\/s400\/contra+p.JPG\" alt=\"\" width=\"400\" height=\"391\" \/><\/p>\n<div>Bom dia, amigos cultos e ocultos! Meu computador ainda se encontra no &#8216;CTI&#8217;, respira com dificuldade, mas permanesse vivo, pelo menos enquanto estiver ligado ou n\u00e3o surgir aquela temida tela azul novamente. Enquanto estiver assim, vamos levando&#8230; Mas j\u00e1 percebi que o \u00e1udio foi afetado. Ao digitalizar qualquer disco, percebe-se logo que a transposi\u00e7\u00e3o de dados do arquivo vem com picos e falhas, fazendo parecer que o som est\u00e1 com mal contato, ou algo assim&#8230; Em resumo, o jeito \u00e9 apelar para os &#8216;discos de gaveta&#8217;. Ainda bem que tenho em estoque material para algumas semanas, dessa forma, se tudo correr dentro da normalidade, n\u00e3o teremos pausa nas postagens di\u00e1rias. Sejamos positivos! \ud83d\ude42<br \/>\nTenho hoje para voc\u00eas mais um peda\u00e7o do &#8220;queijinho de Minas&#8221;, a cantora e compositora Martinha, figura que h\u00e1 muito n\u00e3o vejo na m\u00eddia musical. H\u00e1 tempos atr\u00e1s eu postei aqui <a href=\"https:\/\/www.toque-musicall.com\/?p=1405\" target=\"_blank\">um outro disco dela<\/a>. Estou, inclusive, aproveitando o ensejo para renovar o seu link que pode ser encontrado ainda hoje no GTM.<br \/>\nNo presente \u00e1lbum, lan\u00e7ado pela f\u00e1brica Rozenblit em 1968, iremos encontrar seu maior sucesso, &#8220;Eu daria minha vida&#8221;, m\u00fasica essa gravada por Roberto Carlos. Das doze faixas do lp, praticamente quase todas s\u00e3o de sua autoria. Pessoalmente, nunca vi muita gra\u00e7a na Martinha. Acho a sua m\u00fasica um tanto melosa e triste, mas contudo n\u00e3o posso negar sua originalidade e tamb\u00e9m sua popularidade. Sua m\u00fasica tem aquele &#8216;qu\u00ea&#8217; de ingenuidade, mas penso que isso tamb\u00e9m tem a ver com a pr\u00f3pria \u00e9poca e o contexto onde ela estava inserida. N\u00e3o acompanhei sua trajet\u00f3ria art\u00edstica, mas sei que depois da Jovem Guarda, ela, como a maioria desses artistas, se enveredou para o rom\u00e2ntico popular, compondo e gravando.v\u00e1rios outros discos. Este foi o seu segundo lp.<\/p>\n<div style=\"text-align: center;\">por quem estou apaixonada<\/div>\n<div style=\"text-align: center;\">se voc\u00ea n\u00e3o explicar<\/div>\n<div style=\"text-align: center;\">choro s\u00f3 por chorar<\/div>\n<div style=\"text-align: center;\">eu daria minha vida<\/div>\n<div style=\"text-align: center;\">eu queria<\/div>\n<div style=\"text-align: center;\">pior pra voc\u00ea, bem pior pra mim<\/div>\n<div style=\"text-align: center;\">voc\u00ea n\u00e3o voltou<\/div>\n<div style=\"text-align: center;\">a minha melhor amiga<\/div>\n<div style=\"text-align: center;\">a t\u00e3o sonhada paz<\/div>\n<div style=\"text-align: center;\">n\u00e3o sei se voc\u00ea sabe<\/div>\n<div style=\"text-align: center;\">eu s\u00f3 queira namorar voc\u00ea<\/div>\n<div style=\"text-align: center;\">nem mesmo em sonho<\/div>\n<div style=\"text-align: center;\"><\/div>\n<\/div>\n<div style=\"text-align: center;\"><\/div>\n","protected":false},"excerpt":{"rendered":"<p>Bom dia, amigos cultos e ocultos! Meu computador ainda se encontra no &#8216;CTI&#8217;, respira com dificuldade, mas permanesse vivo, pelo menos enquanto estiver ligado ou n\u00e3o surgir aquela temida tela azul novamente. Enquanto estiver assim, vamos levando&#8230; Mas j\u00e1 percebi &hellip; <a href=\"https:\/\/www.toque-musicall.com\/?p=3019\">Continue lendo <span class=\"meta-nav\">&rarr;<\/span><\/a><\/p>\n","protected":false},"author":1,"featured_media":0,"comment_status":"open","ping_status":"closed","sticky":false,"template":"","format":"standard","meta":{"footnotes":""},"categories":[1606,354],"tags":[],"class_list":["post-3019","post","type-post","status-publish","format-standard","hentry","category-martinha","category-selo-rozenblit"],"_links":{"self":[{"href":"https:\/\/www.toque-musicall.com\/index.php?rest_route=\/wp\/v2\/posts\/3019","targetHints":{"allow":["GET"]}}],"collection":[{"href":"https:\/\/www.toque-musicall.com\/index.php?rest_route=\/wp\/v2\/posts"}],"about":[{"href":"https:\/\/www.toque-musicall.com\/index.php?rest_route=\/wp\/v2\/types\/post"}],"author":[{"embeddable":true,"href":"https:\/\/www.toque-musicall.com\/index.php?rest_route=\/wp\/v2\/users\/1"}],"replies":[{"embeddable":true,"href":"https:\/\/www.toque-musicall.com\/index.php?rest_route=%2Fwp%2Fv2%2Fcomments&post=3019"}],"version-history":[{"count":1,"href":"https:\/\/www.toque-musicall.com\/index.php?rest_route=\/wp\/v2\/posts\/3019\/revisions"}],"predecessor-version":[{"id":3020,"href":"https:\/\/www.toque-musicall.com\/index.php?rest_route=\/wp\/v2\/posts\/3019\/revisions\/3020"}],"wp:attachment":[{"href":"https:\/\/www.toque-musicall.com\/index.php?rest_route=%2Fwp%2Fv2%2Fmedia&parent=3019"}],"wp:term":[{"taxonomy":"category","embeddable":true,"href":"https:\/\/www.toque-musicall.com\/index.php?rest_route=%2Fwp%2Fv2%2Fcategories&post=3019"},{"taxonomy":"post_tag","embeddable":true,"href":"https:\/\/www.toque-musicall.com\/index.php?rest_route=%2Fwp%2Fv2%2Ftags&post=3019"}],"curies":[{"name":"wp","href":"https:\/\/api.w.org\/{rel}","templated":true}]}}