{"id":3022,"date":"2013-05-02T22:34:46","date_gmt":"2013-05-03T01:34:46","guid":{"rendered":"http:\/\/www.toque-musicall.com\/?p=3022"},"modified":"2013-05-02T22:34:46","modified_gmt":"2013-05-03T01:34:46","slug":"rosaly-claudia-savaget-e-grande-otelo-projeto-vitrine-1978","status":"publish","type":"post","link":"https:\/\/www.toque-musicall.com\/?p=3022","title":{"rendered":"Rosaly &#8211; Cl\u00e1udia Savaget E Grande Otelo &#8211; Projeto Vitrine (1978)"},"content":{"rendered":"<p><img loading=\"lazy\" decoding=\"async\" class=\"aligncenter\" src=\"http:\/\/3.bp.blogspot.com\/-7aMn1g_8ywo\/UYLvwHr6aiI\/AAAAAAAAGUY\/9W2koO4qlRM\/s400\/rosaly+Fp.JPG\" alt=\"\" width=\"400\" height=\"400\" \/><img loading=\"lazy\" decoding=\"async\" class=\"aligncenter\" src=\"http:\/\/3.bp.blogspot.com\/-2zngGQcx4NE\/UYLvqCUMGqI\/AAAAAAAAGUQ\/ejjXoPzPQ2s\/s400\/rosaly+Bp.JPG\" alt=\"\" width=\"400\" height=\"400\" \/><img loading=\"lazy\" decoding=\"async\" class=\"aligncenter\" src=\"http:\/\/2.bp.blogspot.com\/-9MNV3Ue2VcY\/UYLvh3k7yBI\/AAAAAAAAGUI\/q0rrVKqocpA\/s400\/Otelo+fp.JPG\" alt=\"\" width=\"400\" height=\"400\" \/><img loading=\"lazy\" decoding=\"async\" class=\"aligncenter\" src=\"http:\/\/1.bp.blogspot.com\/-1itc-snDHAg\/UYLvdnzXYVI\/AAAAAAAAGUA\/nOnPm0QOujQ\/s400\/OteloBp.JPG\" alt=\"\" width=\"400\" height=\"400\" \/><\/p>\n<div>Boa noite, amigos cultos e ocultos! Aproveitando a brecha, j\u00e1 que ainda fico na labuta at\u00e9 as 23, vou logo fazendo a postagem de hoje trazendo para voc\u00eas dois compactos de uma s\u00e9rie lan\u00e7ada pela Funarte em 1978. Trata-se do Projeto Vitrine, que reuniu alguns dos ent\u00e3o &#8220;novos talentos da mpb&#8221;, sendo apresentados em disco no formato 7 polegadas, os charmosos compactos. Artistas como Oswaldo Montenegro, Mongol, conjunto Cantares, entre outros&#8230; tiveram suas oportunidades nesses que s\u00e3o hoje objetos raros e caros, os compactos do Projeto Vitrine. Como s\u00f3 tenho esses dois compactos, achei melhor post\u00e1-los juntos para n\u00e3o sugerir que haveria uma continua\u00e7\u00e3o. Se acaso algu\u00e9m tiver outros compactos da s\u00e9rie, manda pra c\u00e1, postarei com prazer\u00a0\ud83d\ude42 Seguem aqui a cantora Rosaly, que embora tenha uma \u00f3tima voz, parece n\u00e3o ter vingado. N\u00e3o sei e nem achei nada sobre ela. Mas no que diz respeito ao disquinho, este \u00e9 da melhor qualidade. N\u00e3o bastasse a bela voz, ainda vem acompanhada por m\u00fasicos de primeira e um repert\u00f3rio na mesma altura. Rosaly canta m\u00fasicas de Ivan Lins e Victor Martins, Tom e Vin\u00edcius, Milton Nascimento e Fernando Brant e tamb\u00e9m da &#8220;O canto da ema&#8221;, de Jo\u00e3o do Vale, Alventino Cavalcante e Ayres Vianna.\u00a0Da mesma forma vale a apresenta\u00e7\u00e3o para o outro disco, Claudia Savaget e Grande Otelo, simplismente \u00f3timo! Um raro momento do pequeno grande artista, Grande Otelo e tamb\u00e9m de uma das melhores cantoras brasileiras, Claudia Savaget. Neste compacto temos de um lado a cantora interpretando &#8220;Peito vazio&#8221;, de Cartola e Elton Medeiros e &#8220;Lamenta\u00e7\u00e3o&#8221;, de Mauro Duarte. Do outro lado Grande Otelo nos mostra tamb\u00e9m seu lado cantor e compositor, com &#8220;Por mim,Rosa&#8221;, parceria com Herivelto Martins e &#8220;Chora trombone&#8221;, parceria com Ary Cordovil. Excelentes disquinhos, n\u00e3o deixem de conferir.<\/p>\n<div style=\"text-align: center;\">por mim, rosa &#8211; grande otelo<\/div>\n<div style=\"text-align: center;\">chora trombone &#8211; grande otelo<\/div>\n<div style=\"text-align: center;\">peito vazio &#8211; claudia savaget<\/div>\n<div style=\"text-align: center;\">lamenta\u00e7\u00e3o &#8211; claudia savaget<\/div>\n<div style=\"text-align: center;\">dona palmeira &#8211; rosaly<\/div>\n<div style=\"text-align: center;\">chega de saudade &#8211; rosaly<\/div>\n<div style=\"text-align: center;\">o canto da ema &#8211; rosaly<\/div>\n<div style=\"text-align: center;\">outubro &#8211; rosaly<\/div>\n<div style=\"text-align: center;\"><\/div>\n<div><\/div>\n<\/div>\n<div><\/div>\n","protected":false},"excerpt":{"rendered":"<p>Boa noite, amigos cultos e ocultos! Aproveitando a brecha, j\u00e1 que ainda fico na labuta at\u00e9 as 23, vou logo fazendo a postagem de hoje trazendo para voc\u00eas dois compactos de uma s\u00e9rie lan\u00e7ada pela Funarte em 1978. Trata-se do &hellip; <a href=\"https:\/\/www.toque-musicall.com\/?p=3022\">Continue lendo <span class=\"meta-nav\">&rarr;<\/span><\/a><\/p>\n","protected":false},"author":1,"featured_media":0,"comment_status":"open","ping_status":"closed","sticky":false,"template":"","format":"standard","meta":{"footnotes":""},"categories":[2137],"tags":[],"class_list":["post-3022","post","type-post","status-publish","format-standard","hentry","category-projeto-vitrine-mec-funarte"],"_links":{"self":[{"href":"https:\/\/www.toque-musicall.com\/index.php?rest_route=\/wp\/v2\/posts\/3022","targetHints":{"allow":["GET"]}}],"collection":[{"href":"https:\/\/www.toque-musicall.com\/index.php?rest_route=\/wp\/v2\/posts"}],"about":[{"href":"https:\/\/www.toque-musicall.com\/index.php?rest_route=\/wp\/v2\/types\/post"}],"author":[{"embeddable":true,"href":"https:\/\/www.toque-musicall.com\/index.php?rest_route=\/wp\/v2\/users\/1"}],"replies":[{"embeddable":true,"href":"https:\/\/www.toque-musicall.com\/index.php?rest_route=%2Fwp%2Fv2%2Fcomments&post=3022"}],"version-history":[{"count":1,"href":"https:\/\/www.toque-musicall.com\/index.php?rest_route=\/wp\/v2\/posts\/3022\/revisions"}],"predecessor-version":[{"id":3023,"href":"https:\/\/www.toque-musicall.com\/index.php?rest_route=\/wp\/v2\/posts\/3022\/revisions\/3023"}],"wp:attachment":[{"href":"https:\/\/www.toque-musicall.com\/index.php?rest_route=%2Fwp%2Fv2%2Fmedia&parent=3022"}],"wp:term":[{"taxonomy":"category","embeddable":true,"href":"https:\/\/www.toque-musicall.com\/index.php?rest_route=%2Fwp%2Fv2%2Fcategories&post=3022"},{"taxonomy":"post_tag","embeddable":true,"href":"https:\/\/www.toque-musicall.com\/index.php?rest_route=%2Fwp%2Fv2%2Ftags&post=3022"}],"curies":[{"name":"wp","href":"https:\/\/api.w.org\/{rel}","templated":true}]}}