{"id":3024,"date":"2013-05-03T16:49:49","date_gmt":"2013-05-03T19:49:49","guid":{"rendered":"http:\/\/www.toque-musicall.com\/?p=3024"},"modified":"2013-05-03T16:49:49","modified_gmt":"2013-05-03T19:49:49","slug":"silvio-caldas-o-seresteiro-1969","status":"publish","type":"post","link":"https:\/\/www.toque-musicall.com\/?p=3024","title":{"rendered":"Silvio Caldas &#8211; O Seresteiro (1969)"},"content":{"rendered":"<p><img loading=\"lazy\" decoding=\"async\" class=\"aligncenter\" src=\"http:\/\/2.bp.blogspot.com\/-BlxTkMJ6xX8\/UYQOTowqljI\/AAAAAAAAGUw\/46KWophQX5s\/s400\/Silvio+Caldas+Fp.JPG\" alt=\"\" width=\"396\" height=\"400\" \/><img loading=\"lazy\" decoding=\"async\" class=\"aligncenter\" src=\"http:\/\/2.bp.blogspot.com\/-wtKylix1hg4\/UYQOOwZKwhI\/AAAAAAAAGUo\/-y0gSDM-Kps\/s400\/Silvio+Caldas+Bp.JPG\" alt=\"\" width=\"399\" height=\"400\" \/><\/p>\n<div>Ol\u00e1, amigos cultos e ocultos! Definitivamente, meu super computador acaba de falecer. Desta vez n\u00e3o h\u00e1 quem possa ressucit\u00e1-lo. E quer saber, \u00a0j\u00e1 foi tarde! Eu j\u00e1 estava mesmo de saco cheio de ficar s\u00f3 no remendo. Agora \u00e9 hora de renovar. Vou ver se compro um novo no mais tardar at\u00e9 o fim da pr\u00f3xima semana. Nesse meio tempo vou postando o que tenho na gaveta, o que ficou esperando uma melhor hora. A hora \u00e9 agora e vamos a eles&#8230;<br \/>\nSegue aqui um Silvio Caldas de 1969, relan\u00e7ando novamente em 1977. Creio eu que originalmente este lp \u00e9 ainda mais antigo, talvez do in\u00edcio dos anos 60. Como n\u00e3o tenho tempo para ficar pequisando, fica assim mesmo. O importante \u00e9 que se trata de um excelente momento do cantor, trazendo um repert\u00f3rio que, ao contr\u00e1rio do que sugere o t\u00edtulo, n\u00e3o \u00e9 exatamente um disco de serestas. Aqui iremos encontrar uma sele\u00e7\u00e3o variada e bem incomum frente a outros discos do artista. Ouviremos aqui Cust\u00f3dio Mesquita, Braguinha, Orestes Barbosa, Pixinguinha, Francisco Alves, Luiz Bonf\u00e1 e outros. Silvio vem acompanhado pela orquestra regida pelo maestro Renato de Oliveira, que tamb\u00e9m assina uma da faixas e fez os arranjos. Um \u00e1lbum , sem d\u00favida, de primeira que vale uma conferida.<\/p>\n<div style=\"text-align: center;\">rosa de maio<\/div>\n<div style=\"text-align: center;\">carinhoso<\/div>\n<div style=\"text-align: center;\">seresta n\u00ba 5<\/div>\n<div style=\"text-align: center;\">manh\u00e3 de carnaval<\/div>\n<div style=\"text-align: center;\">can\u00e7\u00e3o do eterno adeus<\/div>\n<div style=\"text-align: center;\">azul\u00e3o<\/div>\n<div style=\"text-align: center;\">eterna can\u00e7\u00e3o<\/div>\n<div style=\"text-align: center;\">um cantinho e voc\u00ea<\/div>\n<div style=\"text-align: center;\">o amor \u00e9 assim<\/div>\n<div style=\"text-align: center;\">na casa branca da serra<\/div>\n<div style=\"text-align: center;\">cora\u00e7\u00e3o<\/div>\n<div style=\"text-align: center;\">o bal\u00e3o do amor<\/div>\n<\/div>\n","protected":false},"excerpt":{"rendered":"<p>Ol\u00e1, amigos cultos e ocultos! Definitivamente, meu super computador acaba de falecer. Desta vez n\u00e3o h\u00e1 quem possa ressucit\u00e1-lo. E quer saber, \u00a0j\u00e1 foi tarde! Eu j\u00e1 estava mesmo de saco cheio de ficar s\u00f3 no remendo. Agora \u00e9 hora &hellip; <a href=\"https:\/\/www.toque-musicall.com\/?p=3024\">Continue lendo <span class=\"meta-nav\">&rarr;<\/span><\/a><\/p>\n","protected":false},"author":1,"featured_media":0,"comment_status":"open","ping_status":"closed","sticky":false,"template":"","format":"standard","meta":{"footnotes":""},"categories":[449,516,55,12],"tags":[],"class_list":["post-3024","post","type-post","status-publish","format-standard","hentry","category-renato-de-oliveira","category-renato-de-oliveira-e-sua-orquestra","category-selo-beverly","category-silvio-caldas"],"_links":{"self":[{"href":"https:\/\/www.toque-musicall.com\/index.php?rest_route=\/wp\/v2\/posts\/3024","targetHints":{"allow":["GET"]}}],"collection":[{"href":"https:\/\/www.toque-musicall.com\/index.php?rest_route=\/wp\/v2\/posts"}],"about":[{"href":"https:\/\/www.toque-musicall.com\/index.php?rest_route=\/wp\/v2\/types\/post"}],"author":[{"embeddable":true,"href":"https:\/\/www.toque-musicall.com\/index.php?rest_route=\/wp\/v2\/users\/1"}],"replies":[{"embeddable":true,"href":"https:\/\/www.toque-musicall.com\/index.php?rest_route=%2Fwp%2Fv2%2Fcomments&post=3024"}],"version-history":[{"count":1,"href":"https:\/\/www.toque-musicall.com\/index.php?rest_route=\/wp\/v2\/posts\/3024\/revisions"}],"predecessor-version":[{"id":3025,"href":"https:\/\/www.toque-musicall.com\/index.php?rest_route=\/wp\/v2\/posts\/3024\/revisions\/3025"}],"wp:attachment":[{"href":"https:\/\/www.toque-musicall.com\/index.php?rest_route=%2Fwp%2Fv2%2Fmedia&parent=3024"}],"wp:term":[{"taxonomy":"category","embeddable":true,"href":"https:\/\/www.toque-musicall.com\/index.php?rest_route=%2Fwp%2Fv2%2Fcategories&post=3024"},{"taxonomy":"post_tag","embeddable":true,"href":"https:\/\/www.toque-musicall.com\/index.php?rest_route=%2Fwp%2Fv2%2Ftags&post=3024"}],"curies":[{"name":"wp","href":"https:\/\/api.w.org\/{rel}","templated":true}]}}