{"id":3026,"date":"2013-05-05T22:43:55","date_gmt":"2013-05-06T01:43:55","guid":{"rendered":"http:\/\/www.toque-musicall.com\/?p=3026"},"modified":"2013-05-05T22:44:43","modified_gmt":"2013-05-06T01:44:43","slug":"paurillo-barroso-acalantos-e-cancoes-1966","status":"publish","type":"post","link":"https:\/\/www.toque-musicall.com\/?p=3026","title":{"rendered":"Paurillo Barroso &#8211; Acalantos E Can\u00e7\u00f5es (1966)"},"content":{"rendered":"<p><img loading=\"lazy\" decoding=\"async\" class=\"aligncenter\" src=\"http:\/\/3.bp.blogspot.com\/-IkwozbSaWsw\/UYb-t3b37GI\/AAAAAAAAGVI\/eJnS_iFSLIM\/s400\/capa+P.JPG\" alt=\"\" width=\"393\" height=\"400\" \/><img loading=\"lazy\" decoding=\"async\" class=\"aligncenter\" src=\"http:\/\/4.bp.blogspot.com\/-pgOHWXaylwo\/UYb-pfFGcLI\/AAAAAAAAGVA\/kQemuOoG75I\/s400\/contracapap.JPG\" alt=\"\" width=\"400\" height=\"399\" \/><\/p>\n<div>Boa noite, amigos cultos e ocultos! Finalmente chegou o meu computador. E para a minha felicidade acabei adquirindo um Dell &#8216;made in USA&#8217;, coisa fina! Agora estou na fase de instalar os antigos programas, que numa nova m\u00e1quina pede novos programas. Ainda me faltam alguns, inclusive um editor de imagens, um Photoshop e coisas assim&#8230; Vou instalando sem pressa, mas para n\u00e3o deixar os amigos na m\u00e3o, irei postando aquilo que j\u00e1 tenho pronto, inclusive os &#8216;discos de gaveta&#8217;.<\/div>\n<div>Aproveitando tamb\u00e9m que j\u00e1 estamos no fim do dia, pr\u00f3ximos da hora de dormir, vou deixando aqui para voc\u00eas alguns acalantos. Vamos hoje trazendo o compositor Francisco Paurillo Barroso, um dos mais importantes compositores, por\u00e9m mais conhecido entre os &#8216;entendidos&#8217;, m\u00fasicos e pesquisadores. Paurillo Barroso foi autor de m\u00fasicas famosas como &#8220;Flor de l\u00efz&#8221;, Flor do desejo&#8221;. &#8220;Dorme filhinho&#8221;, &#8220;M\u00e3e preta&#8221;, &#8220;Para ninar&#8221; e muitas outras. Al\u00e9m de compositor foi tamb\u00e9m diretor da Sociedade de Cultura Art\u00edsitca, , diretor do Teatro Jos\u00e9 de Alencar e tamb\u00e9m do cassino Atl\u00e2ntico. Neste lp, lan\u00e7ado em 1966 de maneira independente, sob coordena\u00e7\u00e3o do pr\u00f3prio compositor, iremos encontrar doze can\u00e7\u00f5es e acalantos na interpreta\u00e7\u00e3o de duas outra grandes artistas, a soprano Rita Paix\u00e3o, acompanhada da pianista Irany Leme. Um bel\u00edssimo e emocionante conjunto musical, muito apropriado para um fim de noite como este. Corre para o GTM, o disco j\u00e1 est\u00e1 l\u00e1 \ud83d\ude09<\/div>\n<div style=\"text-align: center;\"><\/div>\n<div style=\"text-align: center;\">para ninar<\/div>\n<div style=\"text-align: center;\">dorme filhinho<\/div>\n<div style=\"text-align: center;\">m\u00e3e preta<\/div>\n<div style=\"text-align: center;\">ninando<\/div>\n<div style=\"text-align: center;\">chanson four ton someil<\/div>\n<div style=\"text-align: center;\">tu<\/div>\n<div style=\"text-align: center;\">historeta<\/div>\n<div style=\"text-align: center;\">tr\u00eas hai kais<\/div>\n<div style=\"text-align: center;\">meprise<\/div>\n<div style=\"text-align: center;\">lembras- te<\/div>\n<div style=\"text-align: center;\">sonho atrevido<\/div>\n<div style=\"text-align: center;\"><\/div>\n<div style=\"text-align: center;\"><\/div>\n","protected":false},"excerpt":{"rendered":"<p>Boa noite, amigos cultos e ocultos! Finalmente chegou o meu computador. E para a minha felicidade acabei adquirindo um Dell &#8216;made in USA&#8217;, coisa fina! Agora estou na fase de instalar os antigos programas, que numa nova m\u00e1quina pede novos &hellip; <a href=\"https:\/\/www.toque-musicall.com\/?p=3026\">Continue lendo <span class=\"meta-nav\">&rarr;<\/span><\/a><\/p>\n","protected":false},"author":1,"featured_media":0,"comment_status":"open","ping_status":"closed","sticky":false,"template":"","format":"standard","meta":{"footnotes":""},"categories":[2138,25],"tags":[],"class_list":["post-3026","post","type-post","status-publish","format-standard","hentry","category-paurillo-barroso","category-selo-independente"],"_links":{"self":[{"href":"https:\/\/www.toque-musicall.com\/index.php?rest_route=\/wp\/v2\/posts\/3026","targetHints":{"allow":["GET"]}}],"collection":[{"href":"https:\/\/www.toque-musicall.com\/index.php?rest_route=\/wp\/v2\/posts"}],"about":[{"href":"https:\/\/www.toque-musicall.com\/index.php?rest_route=\/wp\/v2\/types\/post"}],"author":[{"embeddable":true,"href":"https:\/\/www.toque-musicall.com\/index.php?rest_route=\/wp\/v2\/users\/1"}],"replies":[{"embeddable":true,"href":"https:\/\/www.toque-musicall.com\/index.php?rest_route=%2Fwp%2Fv2%2Fcomments&post=3026"}],"version-history":[{"count":2,"href":"https:\/\/www.toque-musicall.com\/index.php?rest_route=\/wp\/v2\/posts\/3026\/revisions"}],"predecessor-version":[{"id":3028,"href":"https:\/\/www.toque-musicall.com\/index.php?rest_route=\/wp\/v2\/posts\/3026\/revisions\/3028"}],"wp:attachment":[{"href":"https:\/\/www.toque-musicall.com\/index.php?rest_route=%2Fwp%2Fv2%2Fmedia&parent=3026"}],"wp:term":[{"taxonomy":"category","embeddable":true,"href":"https:\/\/www.toque-musicall.com\/index.php?rest_route=%2Fwp%2Fv2%2Fcategories&post=3026"},{"taxonomy":"post_tag","embeddable":true,"href":"https:\/\/www.toque-musicall.com\/index.php?rest_route=%2Fwp%2Fv2%2Ftags&post=3026"}],"curies":[{"name":"wp","href":"https:\/\/api.w.org\/{rel}","templated":true}]}}