{"id":3029,"date":"2013-05-06T21:45:38","date_gmt":"2013-05-07T00:45:38","guid":{"rendered":"http:\/\/www.toque-musicall.com\/?p=3029"},"modified":"2013-05-06T21:45:38","modified_gmt":"2013-05-07T00:45:38","slug":"carlos-augusto-falando-ao-coracao-1959","status":"publish","type":"post","link":"https:\/\/www.toque-musicall.com\/?p=3029","title":{"rendered":"Carlos Augusto &#8211; Falando Ao Cora\u00e7\u00e3o (1959)"},"content":{"rendered":"<p><img loading=\"lazy\" decoding=\"async\" class=\"aligncenter\" src=\"http:\/\/1.bp.blogspot.com\/-GHtWE_1wy74\/UYhFGEb3KqI\/AAAAAAAAGVg\/Y30zHc_JdI0\/s400\/carlos+augusto+P.JPG\" alt=\"\" width=\"400\" height=\"397\" \/><img loading=\"lazy\" decoding=\"async\" class=\"aligncenter\" src=\"http:\/\/1.bp.blogspot.com\/-tB62v83k9xo\/UYhE-lVO8wI\/AAAAAAAAGVY\/i-EBRGAvsxc\/s400\/carlos+augusto+bp.JPG\" alt=\"\" width=\"396\" height=\"400\" \/><\/p>\n<div>Boa noite, amigos cultos e ocultos! Acredito que hoje todos estavam esperando por mais uma volume do nosso selo virtual Grand Record Brazil, mais uma postagem com texto do nosso pesquisador Samuel Machado Filho. Infelizmente o GRB ficar\u00e1 para a pr\u00f3xima semana, devido a problemas t\u00e9cnicos. Eu ainda n\u00e3o acabei de instalar todos os programas no meu novo computador. N\u00e3o tive como produzir a capinha. Mesmo assim, j\u00e1 vou adiantando o que vem por a\u00ed. teremos tr\u00eas volumes dedicados \u00e0 cantora Linda Rodrigues. Querem saber mais? Aguardem! Na pr\u00f3xima segunda, eu prometo \ud83d\ude09<br \/>\nPara compensar a falta, aqui vai um disco para dar &#8216;\u00ecbope&#8217;. Pescado na sorte, temos hoje e mais uma vez o cantor Carlos Augusto, um nome j\u00e1 bem divulgado no Toque Musical. Desta vez, apresento um de seus melhores momentos, &#8220;Falando ao cora\u00e7\u00e3o&#8221;, um lp lan\u00e7ado pela Polydor em 1959, com um repert\u00f3rio dos mais interessantes. Os destaques s\u00e3o, sem d\u00favida, tr\u00eas can\u00e7\u00f5es da dupla Vin\u00edcius de Moraes e Ant\u00f4nio Carlos Jobim. Carlos Augusto interpreta neste disco &#8220;Can\u00e7\u00e3o da eterna despedida&#8221;, m\u00fasica tamb\u00e9m gravada por Orlando Silva; &#8220;Sem voc\u00ea&#8221;, outra bel\u00edssima can\u00e7\u00e3o gravada tamb\u00e9m por Chico Buarque e o cl\u00e1ssico samba &#8220;A felicidade&#8221;, m\u00fasica essa gravada por milhares&#8230; Vamos conferir?<\/p>\n<div style=\"text-align: center;\">s\u00faplica<\/div>\n<div style=\"text-align: center;\">vagabundo<\/div>\n<div style=\"text-align: center;\">tantas vezes<\/div>\n<div style=\"text-align: center;\">deus me perdoe<\/div>\n<div style=\"text-align: center;\">can\u00e7\u00e3o da eterna despedida<\/div>\n<div style=\"text-align: center;\">espelho<\/div>\n<div style=\"text-align: center;\">icara\u00ed<\/div>\n<div style=\"text-align: center;\">a noite e a prece<\/div>\n<div style=\"text-align: center;\">ci\u00fames<\/div>\n<div style=\"text-align: center;\">sem voc\u00ea<\/div>\n<div style=\"text-align: center;\">a felicidade<\/div>\n<div style=\"text-align: center;\">pecado ambulante<\/div>\n<div style=\"text-align: center;\"><\/div>\n<div style=\"text-align: center;\"><\/div>\n<\/div>\n<div style=\"text-align: center;\"><\/div>\n<p style=\"text-align: center;\">\n","protected":false},"excerpt":{"rendered":"<p>Boa noite, amigos cultos e ocultos! Acredito que hoje todos estavam esperando por mais uma volume do nosso selo virtual Grand Record Brazil, mais uma postagem com texto do nosso pesquisador Samuel Machado Filho. Infelizmente o GRB ficar\u00e1 para a &hellip; <a href=\"https:\/\/www.toque-musicall.com\/?p=3029\">Continue lendo <span class=\"meta-nav\">&rarr;<\/span><\/a><\/p>\n","protected":false},"author":1,"featured_media":0,"comment_status":"open","ping_status":"closed","sticky":false,"template":"","format":"standard","meta":{"footnotes":""},"categories":[1238,146],"tags":[],"class_list":["post-3029","post","type-post","status-publish","format-standard","hentry","category-carlos-augusto","category-selo-polydor"],"_links":{"self":[{"href":"https:\/\/www.toque-musicall.com\/index.php?rest_route=\/wp\/v2\/posts\/3029","targetHints":{"allow":["GET"]}}],"collection":[{"href":"https:\/\/www.toque-musicall.com\/index.php?rest_route=\/wp\/v2\/posts"}],"about":[{"href":"https:\/\/www.toque-musicall.com\/index.php?rest_route=\/wp\/v2\/types\/post"}],"author":[{"embeddable":true,"href":"https:\/\/www.toque-musicall.com\/index.php?rest_route=\/wp\/v2\/users\/1"}],"replies":[{"embeddable":true,"href":"https:\/\/www.toque-musicall.com\/index.php?rest_route=%2Fwp%2Fv2%2Fcomments&post=3029"}],"version-history":[{"count":1,"href":"https:\/\/www.toque-musicall.com\/index.php?rest_route=\/wp\/v2\/posts\/3029\/revisions"}],"predecessor-version":[{"id":3030,"href":"https:\/\/www.toque-musicall.com\/index.php?rest_route=\/wp\/v2\/posts\/3029\/revisions\/3030"}],"wp:attachment":[{"href":"https:\/\/www.toque-musicall.com\/index.php?rest_route=%2Fwp%2Fv2%2Fmedia&parent=3029"}],"wp:term":[{"taxonomy":"category","embeddable":true,"href":"https:\/\/www.toque-musicall.com\/index.php?rest_route=%2Fwp%2Fv2%2Fcategories&post=3029"},{"taxonomy":"post_tag","embeddable":true,"href":"https:\/\/www.toque-musicall.com\/index.php?rest_route=%2Fwp%2Fv2%2Ftags&post=3029"}],"curies":[{"name":"wp","href":"https:\/\/api.w.org\/{rel}","templated":true}]}}