{"id":303,"date":"2011-09-23T00:52:00","date_gmt":"2011-09-23T00:52:00","guid":{"rendered":"http:\/\/www.toque-musicall.com\/?p=303"},"modified":"2011-09-23T00:52:00","modified_gmt":"2011-09-23T00:52:00","slug":"carlinhos-vergueiro-pelas-ruas-1977","status":"publish","type":"post","link":"https:\/\/www.toque-musicall.com\/?p=303","title":{"rendered":"Carlinhos Vergueiro &#8211; Pelas Ruas (1977)"},"content":{"rendered":"<p><a href=\"http:\/\/2.bp.blogspot.com\/-rDomM95J9jo\/TnvYqNFkfoI\/AAAAAAAAAYY\/u-opLrzFp88\/s1600\/carlinhos+P.JPG\"><img decoding=\"async\" style=\"display:block; margin:0px auto 10px; text-align:center;cursor:pointer; cursor:hand;width: 400px; height: 396px;\" src=\"http:\/\/2.bp.blogspot.com\/-rDomM95J9jo\/TnvYqNFkfoI\/AAAAAAAAAYY\/u-opLrzFp88\/s400\/carlinhos+P.JPG\" border=\"0\" alt=\"\" id=\"BLOGGER_PHOTO_ID_5655351976672919170\" \/><\/a><\/p>\n<div>Bom dia, amigos cultos e ocultos! Esta \u00e9 uma postagem que foi perdida nesses dias de tempestade. Me deu pregui\u00e7a de refaz\u00ea-la, mas em se tratando  de um artista como o Carlinhos Vergueiro e este se quarto disco solo, eu n\u00e3o poderia deix\u00e1-lo apenas estampado aqui no Toque Musical. Al\u00e9m do mais tinha aquele caso que contei a respeito da figura de gal\u00e3 roqueiro do Carlinhos, que enganou muitos que ainda n\u00e3o o conheciam. Foi o que aconteceu com uma prima minha, que comprou o disco apenas pela capa, achando ser este uma artista de pop rock ou algo assim. Ficou decepcionada ao botar o disco na vitrola. N\u00e3o era samba o que ela esperava ouvir. Pois \u00e9, n\u00e3o era o que ela queria ouvir, mas com certeza n\u00f3s queremos.<\/div>\n<div>Ta\u00ed mais um excelente trabalho deste cantor e compositor de sambas, de m\u00fasica popular brasileira&#8230; Pessoalmente, gosto mais dos discos do Carlinhos dessa primeira fase, a setentona. Ali\u00e1s, no meu entendimento, esta d\u00e9cada de 70 foi a \u00faltima grande fase da MPB, da\u00ed para frente o que veio (salvo as excess\u00f5es) foi &#8216;tiriricas&#8217; (por favor n\u00e3o perguntem o que eu quis dizer com isso, \u00e9 exatamente o que voc\u00eas entenderem). Melhor que falar do ruim \u00e9 pensar no que \u00e9 bom. &#8220;Pelas ruas&#8221; \u00e9 um \u00f3timo trabalho, onde eu destaco as faixas &#8220;Porque ser\u00e1&#8221;, uma parceria de Carlinhos com Toquinho e Vin\u00edcius e ainda &#8220;Teimosia&#8221;, m\u00fasica com a participa\u00e7\u00e3o da cantora Cristina Buarque, muito bem lembrada pelo amigo 300. Confiram&#8230;<\/div>\n<div><\/div>\n<div style=\"text-align: center;\">briguemos <\/div>\n<div style=\"text-align: center;\">marginais da manh\u00e3<\/div>\n<div style=\"text-align: center;\">valsa<\/div>\n<div style=\"text-align: center;\">galo, o \u00faltimo cantor<\/div>\n<div style=\"text-align: center;\">conhaque<\/div>\n<div style=\"text-align: center;\">porque ser\u00e1<\/div>\n<div style=\"text-align: center;\">teimosia<\/div>\n<div style=\"text-align: center;\">morma\u00e7o<\/div>\n<div style=\"text-align: center;\">no\u00e7\u00e3o da batalha<\/div>\n<div style=\"text-align: center;\">ferve na noite<\/div>\n<div style=\"text-align: center;\">em nome dos amantes<\/div>\n<div style=\"text-align: center;\">boa noite morte<\/div>\n<div style=\"text-align: center;\"><\/div>\n<div style=\"text-align: center;\"><\/div>\n","protected":false},"excerpt":{"rendered":"<p>Bom dia, amigos cultos e ocultos! Esta \u00e9 uma postagem que foi perdida nesses dias de tempestade. Me deu pregui\u00e7a de refaz\u00ea-la, mas em se tratando de um artista como o Carlinhos Vergueiro e este se quarto disco solo, eu &hellip; <a href=\"https:\/\/www.toque-musicall.com\/?p=303\">Continue lendo <span class=\"meta-nav\">&rarr;<\/span><\/a><\/p>\n","protected":false},"author":1,"featured_media":0,"comment_status":"open","ping_status":"closed","sticky":false,"template":"","format":"standard","meta":{"footnotes":""},"categories":[527,244],"tags":[],"class_list":["post-303","post","type-post","status-publish","format-standard","hentry","category-carlinhos-vergueiro","category-selo-emi-odeon"],"_links":{"self":[{"href":"https:\/\/www.toque-musicall.com\/index.php?rest_route=\/wp\/v2\/posts\/303","targetHints":{"allow":["GET"]}}],"collection":[{"href":"https:\/\/www.toque-musicall.com\/index.php?rest_route=\/wp\/v2\/posts"}],"about":[{"href":"https:\/\/www.toque-musicall.com\/index.php?rest_route=\/wp\/v2\/types\/post"}],"author":[{"embeddable":true,"href":"https:\/\/www.toque-musicall.com\/index.php?rest_route=\/wp\/v2\/users\/1"}],"replies":[{"embeddable":true,"href":"https:\/\/www.toque-musicall.com\/index.php?rest_route=%2Fwp%2Fv2%2Fcomments&post=303"}],"version-history":[{"count":0,"href":"https:\/\/www.toque-musicall.com\/index.php?rest_route=\/wp\/v2\/posts\/303\/revisions"}],"wp:attachment":[{"href":"https:\/\/www.toque-musicall.com\/index.php?rest_route=%2Fwp%2Fv2%2Fmedia&parent=303"}],"wp:term":[{"taxonomy":"category","embeddable":true,"href":"https:\/\/www.toque-musicall.com\/index.php?rest_route=%2Fwp%2Fv2%2Fcategories&post=303"},{"taxonomy":"post_tag","embeddable":true,"href":"https:\/\/www.toque-musicall.com\/index.php?rest_route=%2Fwp%2Fv2%2Ftags&post=303"}],"curies":[{"name":"wp","href":"https:\/\/api.w.org\/{rel}","templated":true}]}}