{"id":304,"date":"2011-09-20T22:04:00","date_gmt":"2011-09-20T22:04:00","guid":{"rendered":"http:\/\/www.toque-musicall.com\/?p=304"},"modified":"2011-09-20T22:04:00","modified_gmt":"2011-09-20T22:04:00","slug":"musica-na-corte-brasileira-vol-5-a-opera-no-antigo-teatro-imperial-1966","status":"publish","type":"post","link":"https:\/\/www.toque-musicall.com\/?p=304","title":{"rendered":"M\u00fasica Na Corte Brasileira Vol. 5 &#8211; A \u00d3pera No Antigo Teatro Imperial (1966)"},"content":{"rendered":"<div style=\"clear: both; text-align: center;\"><a href=\"http:\/\/2.bp.blogspot.com\/-QJ6_CYLSgsw\/Tnid1vCB9BI\/AAAAAAAAITQ\/DtzCMGfj9rs\/s1600\/folder.jpg\" style=\"margin-left: 1em; margin-right: 1em;\"><img loading=\"lazy\" decoding=\"async\" border=\"0\" height=\"398\" src=\"http:\/\/2.bp.blogspot.com\/-QJ6_CYLSgsw\/Tnid1vCB9BI\/AAAAAAAAITQ\/DtzCMGfj9rs\/s400\/folder.jpg\" width=\"400\" \/><\/a><\/div>\n<p>Ol\u00e1 amigos! Pois \u00e9, as den\u00fancias e persegui\u00e7\u00f5es continuam&#8230; Estou vendo a hora em que o tolo mata a galinha dos ovos de ouro s\u00f3 para ver o que tem dentro. Infelizmente \u00e9 assim&#8230; Enquanto isso n\u00e3o acontece a gente vai se segurando, desviando das mordidas e tocando sempre.<br \/>Mais uma vez, para abrilhantar a nossa &#8216;ter\u00e7a erudita&#8217; temos aqui outro volume da &#8220;S\u00e9rie Brasiliana &#8211; M\u00fasica na C\u00f4rte Brasileira&#8221;, lan\u00e7ada nos anos de 65 e 66 pelo selo Angel, da Odeon. Na verdade, este \u00e9 o quinto e \u00faltimo volume (pelo menos eu acho que \u00e9).<br \/>Neste \u00e1lbum, como podemos ver, o destaque \u00e9 a \u00d3pera, na \u00e9poca do Imp\u00e9rio. O disco nos apresenta uma sele\u00e7\u00e3o (como nos volumes anteriores) de algumas das mais representativas e raras obras produzidas no per\u00edodo, principalmente de D. Pedro I, que por sinal e como vimos, tamb\u00e9m se destaca na m\u00fasica erudita. Bacana, n\u00e3o? Antes desta s\u00e9rie, grande parte dessas obras musicais eram totalmente desconhecidas do p\u00fablico (e olha que eu me refiro ao p\u00fablico de m\u00fasica erudita, cl\u00e1ssica).<br \/>Acredito que os amigos, ao longo das outras postagens j\u00e1 sabem o que os esperam. Um bel\u00edssimo trabalho da Orquestra Sinfonica Nacional da R\u00e1dio MEC, regida pelo Maestro Alceo Bocchino, pelos cantores Maria Helena Buzelin, soprano; Fernando Teixeira, bar\u00edtono e Juan Thibault, tenor. A produ\u00e7\u00e3o \u00e9 de Milton Miranda e Maur\u00edcio Quadrio, com dire\u00e7\u00e3o musical de Lyrio Panicali e assist\u00eancia de Marlos Nobre. Como se v\u00ea, um trabalho feito por mestres, da m\u00fasica e da ind\u00fastria fonogr\u00e1fica.<\/p>\n<div style=\"text-align: center;\">o basculho (abertura) &#8211; marcos portugal<\/div>\n<div style=\"text-align: center;\">o basculho (dueto rosina e pierotto &#8211; marcos portugal<\/div>\n<div style=\"text-align: center;\">os doidos fingidos por amor (abertura) &#8211; bernardo jos\u00e9 de sousa queiroz<\/div>\n<div style=\"text-align: center;\">os doidos fingidos por amor (\u00e1ria de cacilda) &#8211; bernardo jos\u00e9 de sousa queiroz<\/div>\n<div style=\"text-align: center;\">o vagabundo (abertura) &#8211; henrique alves de mesquita<\/div>\n<div style=\"text-align: center;\">o vagabndo (cena e dueto tra\u00eddo, esquecido) &#8211; henrique alves de mesquita<\/div>\n<div style=\"text-align: center;\">joana de flandres (\u00e1ria de raul) &#8211; carlos gomes<\/div>\n<div style=\"text-align: center;\"><\/div>\n","protected":false},"excerpt":{"rendered":"<p>Ol\u00e1 amigos! Pois \u00e9, as den\u00fancias e persegui\u00e7\u00f5es continuam&#8230; Estou vendo a hora em que o tolo mata a galinha dos ovos de ouro s\u00f3 para ver o que tem dentro. Infelizmente \u00e9 assim&#8230; Enquanto isso n\u00e3o acontece a gente &hellip; <a href=\"https:\/\/www.toque-musicall.com\/?p=304\">Continue lendo <span class=\"meta-nav\">&rarr;<\/span><\/a><\/p>\n","protected":false},"author":1,"featured_media":0,"comment_status":"open","ping_status":"closed","sticky":false,"template":"","format":"standard","meta":{"footnotes":""},"categories":[528,529],"tags":[],"class_list":["post-304","post","type-post","status-publish","format-standard","hentry","category-musica-na-corte-brasileira","category-selo-angel"],"_links":{"self":[{"href":"https:\/\/www.toque-musicall.com\/index.php?rest_route=\/wp\/v2\/posts\/304","targetHints":{"allow":["GET"]}}],"collection":[{"href":"https:\/\/www.toque-musicall.com\/index.php?rest_route=\/wp\/v2\/posts"}],"about":[{"href":"https:\/\/www.toque-musicall.com\/index.php?rest_route=\/wp\/v2\/types\/post"}],"author":[{"embeddable":true,"href":"https:\/\/www.toque-musicall.com\/index.php?rest_route=\/wp\/v2\/users\/1"}],"replies":[{"embeddable":true,"href":"https:\/\/www.toque-musicall.com\/index.php?rest_route=%2Fwp%2Fv2%2Fcomments&post=304"}],"version-history":[{"count":0,"href":"https:\/\/www.toque-musicall.com\/index.php?rest_route=\/wp\/v2\/posts\/304\/revisions"}],"wp:attachment":[{"href":"https:\/\/www.toque-musicall.com\/index.php?rest_route=%2Fwp%2Fv2%2Fmedia&parent=304"}],"wp:term":[{"taxonomy":"category","embeddable":true,"href":"https:\/\/www.toque-musicall.com\/index.php?rest_route=%2Fwp%2Fv2%2Fcategories&post=304"},{"taxonomy":"post_tag","embeddable":true,"href":"https:\/\/www.toque-musicall.com\/index.php?rest_route=%2Fwp%2Fv2%2Ftags&post=304"}],"curies":[{"name":"wp","href":"https:\/\/api.w.org\/{rel}","templated":true}]}}